{"id":54049,"date":"2018-06-11T10:13:27","date_gmt":"2018-06-11T15:13:27","guid":{"rendered":"https:\/\/radiowebmx.com\/nota\/?p=54049"},"modified":"2018-06-11T11:50:08","modified_gmt":"2018-06-11T16:50:08","slug":"lagunillas-sera-ejemplo-de-crecimiento-avance-y-colaboracion-macarena-chavez","status":"publish","type":"post","link":"https:\/\/radiowebmx.com\/nota\/lagunillas-sera-ejemplo-de-crecimiento-avance-y-colaboracion-macarena-chavez\/","title":{"rendered":"Lagunillas ser\u00e1 ejemplo de crecimiento, avance y colaboraci\u00f3n: Macarena Ch\u00e1vez"},"content":{"rendered":"<div id=\"x_gmail-:17s\" class=\"x_gmail-ii x_gmail-gt\">\n<div id=\"x_gmail-:17r\" class=\"x_gmail-a3s x_gmail-aXjCH x_gmail-m163ef85d702dfb9d\">\n<div dir=\"ltr\">\n<div><strong><span style=\"color: #3d85c6;\">*La Participaci\u00f3n ciudadana ser\u00e1 fundamental para desarrollar proyectos econ\u00f3micos<\/span><\/strong><\/div>\n<div><\/div>\n<div>Lagunillas, Mich., a 11 de Junio de 2018.- Con el trabajo participativo de los lagunillenses, el municipio ser\u00e1 ejemplo estatal de crecimiento, avance y colaboraci\u00f3n, asegur\u00f3 la candidata de la coalici\u00f3n \u201cpor Michoac\u00e1n al Frente\u201d, Macarena Ch\u00e1vez Flores.<\/div>\n<div><\/div>\n<div>Durante los recorridos que realiza por las comunidades del municipio, ha recogido las muestras de apoyo y la suma constante al proyecto que llevar\u00e1 a Lagunillas a ser un centro de atenci\u00f3n tur\u00edstica, gastron\u00f3mica y de productividad.<\/div>\n<div><\/div>\n<div>\u201cEsta campa\u00f1a es de cercan\u00eda, de entusiasmo, de trabajo en conjunto, de proyectos que beneficiar\u00e1n a todos los lagunillenses en el corto plazo\u201d, destac\u00f3.<\/div>\n<div><\/div>\n<div>La candidata que representa a los partidos Acci\u00f3n Nacional (PAN), de la Revoluci\u00f3n Democr\u00e1tica (PRD) y Movimiento Ciudadano (MC), agradeci\u00f3 a los ciudadanos que la reciben en casa y le brindan su respaldo y confianza, pues s\u00f3lo \u201cUnidos Haremos Cosas Buenas\u201d.<\/div>\n<div><\/div>\n<div>De igual forma Macarena Ch\u00e1vez reconoci\u00f3 a las mujeres emprendedoras que integran la asociaci\u00f3n Vicente Guerrero en Lagunillas, quienes pusieron en operaci\u00f3n un proyecto para producci\u00f3n de tabique y as\u00ed mejorar sus viviendas \u201csin duda ejemplo que vamos replicar y apoyar permanentemente\u201d.<\/div>\n<div><\/div>\n<div>Cada d\u00eda de esta campa\u00f1a ha sido una gran oportunidad para saludar a amigos de todo Lagunillas, \u201cpersonas con las que nos une un gran amor por nuestra tierra, pero sobre todo el compromiso y trabajo para construir juntos un mejor municipio\u201d.<\/div>\n<div><\/div>\n<div>Por lo que, destac\u00f3, una vez que gane la elecci\u00f3n invitara a toda la sociedad del municipio a caminar juntos \u201cpara construir un municipio que sea ejemplo de crecimiento, avance y colaboraci\u00f3n entre gobierno y ciudadanos\u201d.<\/div>\n<\/div>\n<div class=\"x_gmail-yj6qo\"><\/div>\n<div class=\"x_gmail-adL\"><\/div>\n<\/div>\n<\/div>\n","protected":false},"excerpt":{"rendered":"<p>*La Participaci\u00f3n ciudadana ser\u00e1 fundamental para desarrollar proyectos econ\u00f3micos Lagunillas, Mich., a 11 de Junio de 2018.- Con el trabajo participativo de los lagunillenses, el municipio ser\u00e1 ejemplo estatal de crecimiento, avance y colaboraci\u00f3n, asegur\u00f3 la candidata de la coalici\u00f3n \u201cpor Michoac\u00e1n al Frente\u201d, Macarena Ch\u00e1vez Flores. Durante los recorridos que realiza por las comunidades [&hellip;]<\/p>\n","protected":false},"author":2,"featured_media":54050,"comment_status":"closed","ping_status":"closed","sticky":false,"template":"","format":"standard","meta":{"footnotes":""},"categories":[14,90],"tags":[],"class_list":["post-54049","post","type-post","status-publish","format-standard","has-post-thumbnail","hentry","category-destacadas","category-elecciones-2018"],"_links":{"self":[{"href":"https:\/\/radiowebmx.com\/nota\/wp-json\/wp\/v2\/posts\/54049","targetHints":{"allow":["GET"]}}],"collection":[{"href":"https:\/\/radiowebmx.com\/nota\/wp-json\/wp\/v2\/posts"}],"about":[{"href":"https:\/\/radiowebmx.com\/nota\/wp-json\/wp\/v2\/types\/post"}],"author":[{"embeddable":true,"href":"https:\/\/radiowebmx.com\/nota\/wp-json\/wp\/v2\/users\/2"}],"replies":[{"embeddable":true,"href":"https:\/\/radiowebmx.com\/nota\/wp-json\/wp\/v2\/comments?post=54049"}],"version-history":[{"count":1,"href":"https:\/\/radiowebmx.com\/nota\/wp-json\/wp\/v2\/posts\/54049\/revisions"}],"predecessor-version":[{"id":54051,"href":"https:\/\/radiowebmx.com\/nota\/wp-json\/wp\/v2\/posts\/54049\/revisions\/54051"}],"wp:featuredmedia":[{"embeddable":true,"href":"https:\/\/radiowebmx.com\/nota\/wp-json\/wp\/v2\/media\/54050"}],"wp:attachment":[{"href":"https:\/\/radiowebmx.com\/nota\/wp-json\/wp\/v2\/media?parent=54049"}],"wp:term":[{"taxonomy":"category","embeddable":true,"href":"https:\/\/radiowebmx.com\/nota\/wp-json\/wp\/v2\/categories?post=54049"},{"taxonomy":"post_tag","embeddable":true,"href":"https:\/\/radiowebmx.com\/nota\/wp-json\/wp\/v2\/tags?post=54049"}],"curies":[{"name":"wp","href":"https:\/\/api.w.org\/{rel}","templated":true}]}}