{"id":54046,"date":"2018-06-10T18:44:48","date_gmt":"2018-06-10T23:44:48","guid":{"rendered":"https:\/\/radiowebmx.com\/nota\/?p=54046"},"modified":"2018-06-11T11:46:06","modified_gmt":"2018-06-11T16:46:06","slug":"supervisa-gobernador-obras-de-infraestructura-social-y-deportiva-en-huetamo","status":"publish","type":"post","link":"https:\/\/radiowebmx.com\/nota\/supervisa-gobernador-obras-de-infraestructura-social-y-deportiva-en-huetamo\/","title":{"rendered":"Supervisa Gobernador obras de infraestructura social y deportiva en Huetamo"},"content":{"rendered":"<p><img loading=\"lazy\" decoding=\"async\" class=\"\" src=\"http:\/\/michoacan.gob.mx\/wp-content\/uploads\/2018\/06\/02d60b1f-dd98-4d4b-ac60-5046ca7dcade.jpeg\" width=\"402\" height=\"268\" \/><\/p>\n<p>&nbsp;<\/p>\n<ul>\n<li><strong>El Gobernador Constitucional Silvano Aureoles Conejo constat\u00f3 la rehabilitaci\u00f3n de la Plaza Principal, as\u00ed como la operatividad del Auditorio Municipal.<\/strong><\/li>\n<\/ul>\n<p><strong>Huetamo, Michoac\u00e1n, a 10 de junio de 2018.-<\/strong>\u00a0Luego de a\u00f1os en el abandono y de ser una de las peticiones m\u00e1s sentidas de las y los habitantes de este municipio, este domingo comenzaron los trabajos de remodelaci\u00f3n y rehabilitaci\u00f3n de la plaza principal de Huetamo, misma que en su primera etapa tendr\u00e1 una inversi\u00f3n de 15 millones de pesos, acci\u00f3n que esta tarde supervis\u00f3 el Gobernador Constitucional Silvano Aureoles Conejo.<\/p>\n<p>En presencia de las y los ciudadanos, el titular del Ejecutivo Estatal asegur\u00f3 que este es el espacio de recreaci\u00f3n m\u00e1s importante del municipio, que albergar\u00e1 una serie de actividades sociales y culturales, y con ello se dar\u00e1 mayor realce a la localidad.<\/p>\n<p>\u201cVamos a seguir atendiendo las necesidades de Huetamo porque lo queremos mucho. Hay historia, cultura y tradiciones y hay que ponerlo a la altura que merece\u201d, destac\u00f3.<\/p>\n<p>Aureoles Conejo mencion\u00f3 que se impulsar\u00e1 el que Huetamo cuente con una marca de sombreros finos, elaborados por gente del municipio; tambi\u00e9n adelant\u00f3 que se retomar\u00e1 el proyecto de la central de autobuses para convertirla en un mercado de artesan\u00edas, y en pr\u00f3ximos d\u00edas operar\u00e1 el Centro de Salud Ampliado de Huetamo.<\/p>\n<p>El secretario de Comunicaciones y Obras P\u00fablicas, Jos\u00e9 Juan Dom\u00ednguez L\u00f3pez, dijo que esta acci\u00f3n representa una de las solicitudes del Consejo para el Desarrollo Integral de Huetamo, y la Plaza contar\u00e1 con un teatro al aire libre con capacidad de hasta 270 personas, se mejorar\u00e1 la imagen de los portales que albergan su dise\u00f1o arquitect\u00f3nico original, se implementar\u00e1 iluminaci\u00f3n ambiental y esc\u00e9nica.<\/p>\n<p>Tambi\u00e9n se culminar\u00e1 la red de agua potable, alcantarillado y drenaje, que en su conjunto brindar\u00e1n un espacio de sana convivencia, atractivo para que el peat\u00f3n pueda recorrerla o tomar un descanso en sus bancos, disfrutando la sombra que ofrecer\u00e1n los \u00e1rboles en sus \u00e1reas verdes.<\/p>\n<p>En su turno, el presidente municipal de Huetamo, Gilberto Zarco Saucedo, agradeci\u00f3 al Gobernador por supervisar esta obra que tanto han estado esperando las y los pobladores.<\/p>\n<p>La secretaria t\u00e9cnica del Consejo Ciudadano de Huetamo, Yolitzma de la Torre Malag\u00f3n, asegur\u00f3 que ya hay grandes avances en cada una de las vertientes que se abarcan en las reuniones, en las que destaca el impulso al turismo, deporte, salud, seguridad, el sector ganadero, entre otros.<\/p>\n<p>En el marco de su gira de trabajo por esta demarcaci\u00f3n, el mandatario estatal supervis\u00f3 tambi\u00e9n los trabajos realizados en el Auditorio Municipal, donde se practican los deportes de baloncesto y voleibol y que fue intervenido con pintura especial deportiva y balizamiento -por mencionar algunos trabajos- con una aportaci\u00f3n de un mill\u00f3n de pesos, acciones que en su conjunto brindan un espacio digno y de calidad para las y los deportistas.<\/p>\n<p>Ah\u00ed trascendi\u00f3 que Huetamo alberga 90 equipos de voleibol y 30 de b\u00e1squetbol, que ya necesitaban de este espacio.<\/p>\n<p>En este contexto, se inform\u00f3 que tambi\u00e9n se construir\u00e1 un auditorio de usos m\u00faltiples y remodelar\u00e1 la alberca de la unidad deportiva, adem\u00e1s de que cada barrio y tenencia de Huetamo contar\u00e1 con una unidad deportiva digna, por mencionar algunos pendientes con las y los huetamenses.<\/p>\n<p>Uno de los ni\u00f1os beneficiados, Mart\u00edn C\u00e9sar Vega, agradeci\u00f3 el apoyo solicitado para esta unidad y se comprometi\u00f3 a que las y los deportistas la mantendr\u00e1n en buenas condiciones; aprovech\u00f3 para solicitar al mandatario estatal butacas nuevas para la Escuela \u201cEmiliano Zapata\u201d, ante lo que Gobernador se\u00f1al\u00f3 que se dotar\u00e1 de nuevo mobiliario a la instituci\u00f3n.<\/p>\n<p>El edil reconoci\u00f3 la prontitud con la que se atendi\u00f3 este auditorio, que es de los pocos centros bien acondicionados para la pr\u00e1ctica de estos deportes.<\/p>\n<p>El Gobernador hizo entrega a todos los equipos de playeras nuevas y refrend\u00f3 que una de las prioridades es potencializar el deporte en sus diversas disciplinas, en toda la entidad.<\/p>\n<p>En esta gira de trabajo estuvieron presentes el secretaria de Seguridad P\u00fablica, Juan Bernardo Corona Mart\u00ednez; el Fiscal Regional de Huetamo, Mario Gerardo Pinedo Infante; el presidente municipal de Tiquicheo, Salvador Ortega Santana; el secretario del ayuntamiento de Huetamo, Jos\u00e9 de Jes\u00fas Olascoaga Pe\u00f1aloza; funcionarios estatales, municipales y federales; representantes de los medios de comunicaci\u00f3n y p\u00fablico en general.<\/p>\n<p>&nbsp;<\/p>\n<p><img loading=\"lazy\" decoding=\"async\" class=\"\" src=\"http:\/\/michoacan.gob.mx\/wp-content\/uploads\/2018\/06\/7045a82e-df73-412b-afb0-09bc2e5ba802.jpeg\" width=\"401\" height=\"267\" \/><\/p>\n<p>&nbsp;<\/p>\n<p><img loading=\"lazy\" decoding=\"async\" class=\"\" src=\"http:\/\/michoacan.gob.mx\/wp-content\/uploads\/2018\/06\/201bf2d7-b661-4e58-9c4f-9b6dbbd9c636.jpeg\" width=\"398\" height=\"265\" \/><\/p>\n","protected":false},"excerpt":{"rendered":"<p>&nbsp; El Gobernador Constitucional Silvano Aureoles Conejo constat\u00f3 la rehabilitaci\u00f3n de la Plaza Principal, as\u00ed como la operatividad del Auditorio Municipal. Huetamo, Michoac\u00e1n, a 10 de junio de 2018.-\u00a0Luego de a\u00f1os en el abandono y de ser una de las peticiones m\u00e1s sentidas de las y los habitantes de este municipio, este domingo comenzaron los [&hellip;]<\/p>\n","protected":false},"author":2,"featured_media":54047,"comment_status":"closed","ping_status":"closed","sticky":false,"template":"","format":"standard","meta":{"footnotes":""},"categories":[14,3,60],"tags":[],"class_list":["post-54046","post","type-post","status-publish","format-standard","has-post-thumbnail","hentry","category-destacadas","category-gobierno-del-estado-de-michoacan","category-michoacan"],"_links":{"self":[{"href":"https:\/\/radiowebmx.com\/nota\/wp-json\/wp\/v2\/posts\/54046","targetHints":{"allow":["GET"]}}],"collection":[{"href":"https:\/\/radiowebmx.com\/nota\/wp-json\/wp\/v2\/posts"}],"about":[{"href":"https:\/\/radiowebmx.com\/nota\/wp-json\/wp\/v2\/types\/post"}],"author":[{"embeddable":true,"href":"https:\/\/radiowebmx.com\/nota\/wp-json\/wp\/v2\/users\/2"}],"replies":[{"embeddable":true,"href":"https:\/\/radiowebmx.com\/nota\/wp-json\/wp\/v2\/comments?post=54046"}],"version-history":[{"count":1,"href":"https:\/\/radiowebmx.com\/nota\/wp-json\/wp\/v2\/posts\/54046\/revisions"}],"predecessor-version":[{"id":54048,"href":"https:\/\/radiowebmx.com\/nota\/wp-json\/wp\/v2\/posts\/54046\/revisions\/54048"}],"wp:featuredmedia":[{"embeddable":true,"href":"https:\/\/radiowebmx.com\/nota\/wp-json\/wp\/v2\/media\/54047"}],"wp:attachment":[{"href":"https:\/\/radiowebmx.com\/nota\/wp-json\/wp\/v2\/media?parent=54046"}],"wp:term":[{"taxonomy":"category","embeddable":true,"href":"https:\/\/radiowebmx.com\/nota\/wp-json\/wp\/v2\/categories?post=54046"},{"taxonomy":"post_tag","embeddable":true,"href":"https:\/\/radiowebmx.com\/nota\/wp-json\/wp\/v2\/tags?post=54046"}],"curies":[{"name":"wp","href":"https:\/\/api.w.org\/{rel}","templated":true}]}}