{"id":54031,"date":"2018-06-08T16:33:02","date_gmt":"2018-06-08T21:33:02","guid":{"rendered":"https:\/\/radiowebmx.com\/nota\/?p=54031"},"modified":"2018-06-11T11:35:46","modified_gmt":"2018-06-11T16:35:46","slug":"de-la-mano-con-el-gremio-mejorara-el-transporte-publico-silvano-aureoles","status":"publish","type":"post","link":"https:\/\/radiowebmx.com\/nota\/de-la-mano-con-el-gremio-mejorara-el-transporte-publico-silvano-aureoles\/","title":{"rendered":"De la mano con el gremio, mejorar\u00e1 el transporte p\u00fablico: Silvano Aureoles"},"content":{"rendered":"<p><img loading=\"lazy\" decoding=\"async\" class=\"\" src=\"http:\/\/michoacan.gob.mx\/wp-content\/uploads\/2018\/06\/e5ad322d-9819-4b38-bc13-9d4d7575a942.jpeg\" width=\"399\" height=\"266\" \/><\/p>\n<p>&nbsp;<\/p>\n<p><img loading=\"lazy\" decoding=\"async\" class=\"\" src=\"http:\/\/michoacan.gob.mx\/wp-content\/uploads\/2018\/06\/c14d3fa3-6ce8-46b0-8b66-57f495a6e09a.jpeg\" width=\"399\" height=\"266\" \/><\/p>\n<ul>\n<li><strong>Acude Gobernador Silvano Aureoles como invitado especial a la XXV Expo Convenci\u00f3n Nacional de Transporte Urbano y Suburbano de Pasajeros 2018.<\/strong><\/li>\n<li><strong>Toma protesta a la nueva mesa directiva de la Conturmex, que ser\u00e1 encabezada por Jos\u00e9 Trinidad Mart\u00ednez.<\/strong><\/li>\n<\/ul>\n<p>Morelia, Michoac\u00e1n, a 8 de junio de 2018.- En conjunto con el gremio transportista, buscaremos consolidar la modernizaci\u00f3n del parque vehicular para mejorar las condiciones de trabajo de este sector as\u00ed como dar seguridad a las y los usuarios, expres\u00f3 el Gobernador Constitucional Silvano Aureoles Conejo.<\/p>\n<p>Al acudir como invitado especial a la inauguraci\u00f3n de la XXV Expo Convenci\u00f3n Nacional de Transporte Urbano y Suburbano de Pasajeros 2018, el mandatario estatal asegur\u00f3 que durante la actual administraci\u00f3n se ha mantenido el orden y estabilidad del transporte p\u00fablico en Michoac\u00e1n.<\/p>\n<p>\u201cEl papel que ustedes juegan es de la mayor relevancia para el desarrollo\u201d, se\u00f1al\u00f3 Silvano Aureoles y adelant\u00f3 que se buscar\u00e1 ampliar la entrega de vivienda a transportistas.<\/p>\n<p>El mandatario estatal refiri\u00f3 que se ha fortalecido el transporte p\u00fablico, a fin de lograr que sea de calidad y eficiente, motivo por el cual en la actual administraci\u00f3n no se han entregado concesiones para el transporte p\u00fablico.<\/p>\n<p>As\u00ed, dijo que ser\u00e1 retomada la mesa de an\u00e1lisis para el proyecto piloto para un transporte moderno, con el prop\u00f3sito de que este sector mejore sus ingresos y su condici\u00f3n de vida, adem\u00e1s de que las y los usuarios cuenten con un transporte de calidad.<\/p>\n<p>En su oportunidad, el presidente entrante de la Conferencia Nacional de Transportistas Urbanos y Suburbanos de la Rep\u00fablica Mexicana (Conturmex), Jos\u00e9 Trinidad Mart\u00ednez Pasalagua, coincidi\u00f3 con el mandatario estatal al expresar que ser\u00e1 trabajando junto con el Gobierno del Estado como se podr\u00e1n mejorar las condiciones de este sector.<\/p>\n<p>Asimismo, reconoci\u00f3 el hecho de que durante la actual administraci\u00f3n no se han entregado concesiones.<\/p>\n<p>En este marco, el Gobernador Silvano Aureoles tom\u00f3 protesta a la nueva mesa directiva de la Conferencia Nacional de Transportistas Urbanos y Suburbanos de la Rep\u00fablica Mexicana (Conturmex).<\/p>\n<p>La XXV Expo Convenci\u00f3n Nacional de Transporte Urbano y Suburbano de Pasajeros 2018 se realizar\u00e1 desde este viernes y hasta ma\u00f1ana s\u00e1bado 9 de junio.<\/p>\n<p>Estuvieron presentes la secretaria de Turismo, Claudia Ch\u00e1vez L\u00f3pez; el coordinador general de la Comisi\u00f3n Coordinadora del Transporte p\u00fablico (Cocotra), Marco Antonio Lagunas V\u00e1zquez; el presidente del Consejo Coordinador Empresarial, Agust\u00edn Arriaga Diez; el s\u00edndico y encargado del despacho del Gobierno Municipal de Morelia, Fabio Sistos Rangel; as\u00ed como diversas autoridades.<\/p>\n<p>&nbsp;<\/p>\n<p><img loading=\"lazy\" decoding=\"async\" class=\"\" src=\"http:\/\/michoacan.gob.mx\/wp-content\/uploads\/2018\/06\/730b0e9c-d82d-41b7-a066-ed3089ff7a40.jpeg\" width=\"399\" height=\"266\" \/><\/p>\n","protected":false},"excerpt":{"rendered":"<p>&nbsp; Acude Gobernador Silvano Aureoles como invitado especial a la XXV Expo Convenci\u00f3n Nacional de Transporte Urbano y Suburbano de Pasajeros 2018. Toma protesta a la nueva mesa directiva de la Conturmex, que ser\u00e1 encabezada por Jos\u00e9 Trinidad Mart\u00ednez. Morelia, Michoac\u00e1n, a 8 de junio de 2018.- En conjunto con el gremio transportista, buscaremos consolidar [&hellip;]<\/p>\n","protected":false},"author":2,"featured_media":54032,"comment_status":"closed","ping_status":"closed","sticky":false,"template":"","format":"standard","meta":{"footnotes":""},"categories":[14,3,60],"tags":[],"class_list":["post-54031","post","type-post","status-publish","format-standard","has-post-thumbnail","hentry","category-destacadas","category-gobierno-del-estado-de-michoacan","category-michoacan"],"_links":{"self":[{"href":"https:\/\/radiowebmx.com\/nota\/wp-json\/wp\/v2\/posts\/54031","targetHints":{"allow":["GET"]}}],"collection":[{"href":"https:\/\/radiowebmx.com\/nota\/wp-json\/wp\/v2\/posts"}],"about":[{"href":"https:\/\/radiowebmx.com\/nota\/wp-json\/wp\/v2\/types\/post"}],"author":[{"embeddable":true,"href":"https:\/\/radiowebmx.com\/nota\/wp-json\/wp\/v2\/users\/2"}],"replies":[{"embeddable":true,"href":"https:\/\/radiowebmx.com\/nota\/wp-json\/wp\/v2\/comments?post=54031"}],"version-history":[{"count":1,"href":"https:\/\/radiowebmx.com\/nota\/wp-json\/wp\/v2\/posts\/54031\/revisions"}],"predecessor-version":[{"id":54033,"href":"https:\/\/radiowebmx.com\/nota\/wp-json\/wp\/v2\/posts\/54031\/revisions\/54033"}],"wp:featuredmedia":[{"embeddable":true,"href":"https:\/\/radiowebmx.com\/nota\/wp-json\/wp\/v2\/media\/54032"}],"wp:attachment":[{"href":"https:\/\/radiowebmx.com\/nota\/wp-json\/wp\/v2\/media?parent=54031"}],"wp:term":[{"taxonomy":"category","embeddable":true,"href":"https:\/\/radiowebmx.com\/nota\/wp-json\/wp\/v2\/categories?post=54031"},{"taxonomy":"post_tag","embeddable":true,"href":"https:\/\/radiowebmx.com\/nota\/wp-json\/wp\/v2\/tags?post=54031"}],"curies":[{"name":"wp","href":"https:\/\/api.w.org\/{rel}","templated":true}]}}