{"id":54015,"date":"2018-06-08T14:43:29","date_gmt":"2018-06-08T19:43:29","guid":{"rendered":"https:\/\/radiowebmx.com\/nota\/?p=54015"},"modified":"2018-06-08T14:43:29","modified_gmt":"2018-06-08T19:43:29","slug":"congreso-federal-ha-sido-invasivo-ezequiel-hernandez","status":"publish","type":"post","link":"https:\/\/radiowebmx.com\/nota\/congreso-federal-ha-sido-invasivo-ezequiel-hernandez\/","title":{"rendered":"Congreso Federal ha sido invasivo: Ezequiel Hern\u00e1ndez"},"content":{"rendered":"<p><img loading=\"lazy\" decoding=\"async\" class=\"\" src=\"https:\/\/attachment.outlook.live.net\/owa\/ultrapolitica@hotmail.com\/service.svc\/s\/GetAttachmentThumbnail?id=AQMkADAwATYwMAItODMyNi00ODU0LTAwAi0wMAoARgAAA5HawHgQuq9DrqMPu%2BRLC5sHANRV7lYdW%2FpNtd2j%2BEW2swoAAAIBDAAAANRV7lYdW%2FpNtd2j%2BEW2swoAAnIE4qAAAAABEgAQAJRXtQFm8HZIk7qeUer2Js8%3D&amp;thumbnailType=2&amp;X-OWA-CANARY=OlWtIdvfWU2i2hYq7fuBflCuhPN3zdUYxhoh4BrMLrb5L1bunDAjv8Mk3PYxE69kFsbnubrsEdo.&amp;token=eyJhbGciOiJSUzI1NiIsImtpZCI6IjA2MDBGOUY2NzQ2MjA3MzdFNzM0MDRFMjg3QzQ1QTgxOENCN0NFQjgiLCJ4NXQiOiJCZ0Q1OW5SaUJ6Zm5OQVRpaDhSYWdZeTN6cmciLCJ0eXAiOiJKV1QifQ.eyJ2ZXIiOiJFeGNoYW5nZS5DYWxsYmFjay5WMSIsImFwcGN0eHNlbmRlciI6Ik93YURvd25sb2FkQDg0ZGY5ZTdmLWU5ZjYtNDBhZi1iNDM1LWFhYWFhYWFhYWFhYSIsImFwcGN0eCI6IntcIm1zZXhjaHByb3RcIjpcIm93YVwiLFwicHJpbWFyeXNpZFwiOlwiUy0xLTI4MjctMzkzMjE2LTIyMDAzMjQxODBcIixcInB1aWRcIjpcIjE2ODg4NTIwNjA1ODgxMTZcIixcIm9pZFwiOlwiMDAwNjAwMDAtODMyNi00ODU0LTAwMDAtMDAwMDAwMDAwMDAwXCIsXCJzY29wZVwiOlwiT3dhRG93bmxvYWRcIn0iLCJuYmYiOjE1Mjg0ODY5MjQsImV4cCI6MTUyODQ4NzUyNCwiaXNzIjoiMDAwMDAwMDItMDAwMC0wZmYxLWNlMDAtMDAwMDAwMDAwMDAwQDg0ZGY5ZTdmLWU5ZjYtNDBhZi1iNDM1LWFhYWFhYWFhYWFhYSIsImF1ZCI6IjAwMDAwMDAyLTAwMDAtMGZmMS1jZTAwLTAwMDAwMDAwMDAwMC9hdHRhY2htZW50Lm91dGxvb2subGl2ZS5uZXRAODRkZjllN2YtZTlmNi00MGFmLWI0MzUtYWFhYWFhYWFhYWFhIn0.CL-f4INpRFsnGDyorTWh76Hm_XX3PEc0fupu6MRUgkJdD_6Ub90Y-eLSTZrdZKpvpaKODJAXti0OxNh55Vx-F9a7668NASkgi_WdCRGJC8Vs3Rbx24F4EQ7csmwB-NDmGD8muwnjFsvRMSmr5g5ROwE2qZm_c8cqDu0Q0e1xj8JpJQJrY0Ef-Hg_wC0XpwM80y2B4LyEb6w2yZV9E87n7ofRAEcCod_1ns0Lhn30XyDAM5D5D50GQ3fLU6eUwN5Dcn8dl8s48cTwfgiNkAmhsH8zh7xYP1Xq0MRnEWOQiRJyhnK8FoYqiReRdqQd9WxhW_MaZz9hNXGnyDkmXXN8TQ&amp;owa=outlook.live.com&amp;isc=1\" width=\"399\" height=\"266\" \/><\/p>\n<ul>\n<li class=\"x_gmail-MsoNoSpacing\"><strong>\u00a0El diputado Roberto Carlos L\u00f3pez inaugur\u00f3 el Seminario \u201cPr\u00e1ctica Parlamentaria\u201d<\/strong><\/li>\n<\/ul>\n<p class=\"x_gmail-MsoNoSpacing\" align=\"center\"><b>\u00a0<\/b><\/p>\n<p class=\"x_MsoNormal\"><b>Morelia; Michoac\u00e1n, 08 de junio de 2018<\/b>.-\u00a0\u00a0\u00a0La C\u00e1mara de Diputados Federal ha sido excesiva e invasiva en las competencias de los congresos estatales, se \u201cha metido hasta la cocina\u201d, sobre todo en materia penal, construyendo leyes generales sin conocer los procedimientos internos o particularidades de las legislaciones locales, se\u00f1al\u00f3 Ezequiel Hern\u00e1ndez Arteaga, Secretario de Servicios Parlamentarios del Congreso del Estado, durante la conferencia inaugural del Seminario de \u201cPr\u00e1ctica Parlamentaria\u201d.<\/p>\n<p class=\"x_MsoNormal\">En este tenor, el diputado Roberto Carlos L\u00f3pez, Presidente de la Mesa Directiva del Poder Legislativo al dar el arranque oficial de dicho Seminario organizado en coordinaci\u00f3n con el Instituto de Investigaciones y Estudios Legislativos del Congreso del estado y la Casa Jur\u00eddica de la Suprema Corte de Justicia de la Naci\u00f3n, celebr\u00f3 este tipo de alianza en donde las instituciones encargadas de dar vida normativa al estado y el pa\u00eds, se unan en pro de la ciudadan\u00eda y dijo esperar que estas acciones trasciendan en el desarrollo de la sociedad.<\/p>\n<p class=\"x_MsoNormal\">Ezequiel Hern\u00e1ndez Arteaga, encargado dar la conferencia inicial al seminario, se\u00f1al\u00f3 que uno de los grandes retos a los que se ha tenido que enfrentar la actual legislatura local ha sido el hecho de realizar las diversas armonizaciones de las leyes generales, ya que tan s\u00f3lo el art\u00edculo 73 constitucional, que delimita las competencias federales y estatales, a lo largo de los 100 a\u00f1os de la vida de la Carta Magna, ha sufrido 79 reformas, y en tan s\u00f3lo 3 a\u00f1os, del 2015 a la fecha se han realizado 22 de ellas.<\/p>\n<p class=\"x_MsoNormal\">Asimismo, destac\u00f3 que la materia penal ha sido una de las m\u00e1s sentidas, debido a que la federaci\u00f3n ha realizado las reformas a modo de que\u00a0\u00a0muchos de los delitos pueden ser de competencia federal.<\/p>\n<p class=\"x_MsoNormal\">Precis\u00f3 que otro de los retos a los que se tuvo que enfrentar la LXXIII Legislatura fue sin lugar a dudas, la armonizaci\u00f3n de la Ley General de Transparencia y Acceso a la Informaci\u00f3n P\u00fablica, en donde no s\u00f3lo se est\u00e1 regulando desde una normativa general la organizaci\u00f3n de los poderes locales, sino adem\u00e1s se legisl\u00f3 en materia de designaci\u00f3n de los funcionarios, lo que a decir, del conferencista, es una invasi\u00f3n de las competencias, resultando en un exceso de autoridad.<\/p>\n<p class=\"x_MsoNormal\">Finalmente, resalt\u00f3 la necesidad de replantear el sistema federal o una reivindicaci\u00f3n de las facultades de los Congresos locales y los de la Federaci\u00f3n, respetando las particularidades de cada entidad, ya que cada estado es un supuesto distinto.<\/p>\n<p class=\"x_MsoNormal\">Cabe destacar que la inauguraci\u00f3n del Seminario denominado \u201cPr\u00e1ctica Parlamentaria\u201d estuvieron presentes Estrella Del Roc\u00edo L\u00f3pez Maciel, director de la Casa Jur\u00eddica de la Suprema Corte de Justicia de la Naci\u00f3n y Carlos Francisco Castelazo Mendoza, director del IIEL. Las conferencias se\u00a0\u00a0llevar\u00e1n a cabo los d\u00edas 15, 22 y 29 de junio y 6 y 13 de julio a las 11:00 am.<\/p>\n","protected":false},"excerpt":{"rendered":"<p>\u00a0El diputado Roberto Carlos L\u00f3pez inaugur\u00f3 el Seminario \u201cPr\u00e1ctica Parlamentaria\u201d \u00a0 Morelia; Michoac\u00e1n, 08 de junio de 2018.-\u00a0\u00a0\u00a0La C\u00e1mara de Diputados Federal ha sido excesiva e invasiva en las competencias de los congresos estatales, se \u201cha metido hasta la cocina\u201d, sobre todo en materia penal, construyendo leyes generales sin conocer los procedimientos internos o particularidades [&hellip;]<\/p>\n","protected":false},"author":2,"featured_media":54016,"comment_status":"closed","ping_status":"closed","sticky":false,"template":"","format":"standard","meta":{"footnotes":""},"categories":[6,14],"tags":[],"class_list":["post-54015","post","type-post","status-publish","format-standard","has-post-thumbnail","hentry","category-congreso-del-estado","category-destacadas"],"_links":{"self":[{"href":"https:\/\/radiowebmx.com\/nota\/wp-json\/wp\/v2\/posts\/54015","targetHints":{"allow":["GET"]}}],"collection":[{"href":"https:\/\/radiowebmx.com\/nota\/wp-json\/wp\/v2\/posts"}],"about":[{"href":"https:\/\/radiowebmx.com\/nota\/wp-json\/wp\/v2\/types\/post"}],"author":[{"embeddable":true,"href":"https:\/\/radiowebmx.com\/nota\/wp-json\/wp\/v2\/users\/2"}],"replies":[{"embeddable":true,"href":"https:\/\/radiowebmx.com\/nota\/wp-json\/wp\/v2\/comments?post=54015"}],"version-history":[{"count":1,"href":"https:\/\/radiowebmx.com\/nota\/wp-json\/wp\/v2\/posts\/54015\/revisions"}],"predecessor-version":[{"id":54017,"href":"https:\/\/radiowebmx.com\/nota\/wp-json\/wp\/v2\/posts\/54015\/revisions\/54017"}],"wp:featuredmedia":[{"embeddable":true,"href":"https:\/\/radiowebmx.com\/nota\/wp-json\/wp\/v2\/media\/54016"}],"wp:attachment":[{"href":"https:\/\/radiowebmx.com\/nota\/wp-json\/wp\/v2\/media?parent=54015"}],"wp:term":[{"taxonomy":"category","embeddable":true,"href":"https:\/\/radiowebmx.com\/nota\/wp-json\/wp\/v2\/categories?post=54015"},{"taxonomy":"post_tag","embeddable":true,"href":"https:\/\/radiowebmx.com\/nota\/wp-json\/wp\/v2\/tags?post=54015"}],"curies":[{"name":"wp","href":"https:\/\/api.w.org\/{rel}","templated":true}]}}