{"id":54012,"date":"2018-06-07T18:59:47","date_gmt":"2018-06-07T23:59:47","guid":{"rendered":"https:\/\/radiowebmx.com\/nota\/?p=54012"},"modified":"2018-06-08T14:07:23","modified_gmt":"2018-06-08T19:07:23","slug":"michoacan-punta-de-lanza-en-profesionalizacion-y-capacitacion-de-comunicadores-y-periodistas-anlm","status":"publish","type":"post","link":"https:\/\/radiowebmx.com\/nota\/michoacan-punta-de-lanza-en-profesionalizacion-y-capacitacion-de-comunicadores-y-periodistas-anlm\/","title":{"rendered":"Michoac\u00e1n, punta de lanza en profesionalizaci\u00f3n y capacitaci\u00f3n de comunicadores y periodistas: ANLM"},"content":{"rendered":"<p><img loading=\"lazy\" decoding=\"async\" class=\"\" src=\"http:\/\/michoacan.gob.mx\/wp-content\/uploads\/2018\/06\/86d21a22-dda9-4dc2-81d4-99ac7cfdb969.jpeg\" width=\"399\" height=\"266\" \/><\/p>\n<ul>\n<li><strong>Presiden la titular de la CGCS, Julieta L\u00f3pez y la directora nacional de la ANLM, Rosal\u00eda Bua\u00fan, la toma de protesta de la Nueva Mesa Directiva de la Asociaci\u00f3n Nacional de Locutores, Delegaci\u00f3n Michoac\u00e1n 2018-2021.<\/strong><\/li>\n<\/ul>\n<p><strong>Morelia, Michoac\u00e1n, a 7 de junio de 2018.-<\/strong>\u00a0Michoac\u00e1n es punta de lanza en materia de profesionalizaci\u00f3n y capacitaci\u00f3n brindada a comunicadoras, comunicadores y periodistas, reconoci\u00f3 hoy la presidenta de la Asociaci\u00f3n Nacional de Locutores de M\u00e9xico, Rosal\u00eda Bua\u00fan S\u00e1nchez, quien destac\u00f3 que gran parte de este logro se debe a la coordinaci\u00f3n estrecha que mantiene este organismo con el Gobierno del Estado.<\/p>\n<p>Lo anterior, durante el acto de toma de protesta de la nueva mesa directiva de la ANLM, delegaci\u00f3n Michoac\u00e1n, donde la coordinadora general de Comunicaci\u00f3n Social, Julieta L\u00f3pez Bautista, felicit\u00f3 a sus integrantes al tiempo de reconocer a las y los directivos salientes por el trabajo desempe\u00f1ado y su aporte al estado.<\/p>\n<p>\u201cEn la Asociaci\u00f3n Nacional de Locutores hemos encontrado m\u00e1s que un aliado; su aporte en la ense\u00f1anza y capacitaci\u00f3n constituye un valor incalculable que desde el Gobierno valoramos\u201d, expres\u00f3 L\u00f3pez Bautista.<\/p>\n<p>Se\u00f1al\u00f3 que Rosal\u00eda Bua\u00fan S\u00e1nchez se ha convertido en un valioso pilar del cimiento \u201cque nos motiva a impulsar actividades acad\u00e9micas en favor de periodistas, comunicadoras y comunicadores del estado\u201d.<\/p>\n<p>En este marco, destac\u00f3 que junto con la ANLM se dise\u00f1\u00f3 y concret\u00f3 el primer Diplomado de Locuci\u00f3n y Periodismo, realizado de manera simult\u00e1nea en Morelia, Uruapan y la regi\u00f3n Oriente, y pr\u00f3ximo a realizarse tambi\u00e9n en Apatzing\u00e1n, Zamora y L\u00e1zaro C\u00e1rdenas.<\/p>\n<p>Convencida de que los medios de comunicaci\u00f3n juegan un papel de primer orden, dijo que la convicci\u00f3n de esta administraci\u00f3n es seguir en la ruta de la capacitaci\u00f3n y profesionalizaci\u00f3n para enriquecer los conocimientos y habilidades de periodistas, comunicadoras y comunicadores en los procesos en la generaci\u00f3n de contenidos.<\/p>\n<p>Record\u00f3 que el Gobernador Constitucional Silvano Aureoles Conejo es un promotor incansable de la libertad de expresi\u00f3n y del derecho a comunicar, principios que nutren la democracia y fortalecen el sistema institucional.<\/p>\n<p>Al respecto, Bua\u00fan S\u00e1nchez afirm\u00f3 que Michoac\u00e1n es uno de los estados m\u00e1s importantes para la asociaci\u00f3n, pues es \u201cun lugar maravilloso que tiene tanto que ofrecerle al mundo, y de ah\u00ed la importancia para seguirlo promoviendo a trav\u00e9s de los micr\u00f3fonos\u201d.<\/p>\n<p>La nueva presidenta de la ANLM, delegaci\u00f3n Michoac\u00e1n, Adriana Mier y Ter\u00e1n Mangas, inform\u00f3 que hoy da inicio una nueva etapa para el gremio, que tendr\u00e1 como primicia la dignificaci\u00f3n del mismo a trav\u00e9s de estrategias y programas para ofrecer nuevas herramientas y formaci\u00f3n de talentos.<\/p>\n<p>Manuel \u00c1ngel Cort\u00e9s, presidente saliente, detall\u00f3 la importancia de que este evento se haya realizado en el Museo Casa Natal de Morelos, que ha sido albergue de diversos eventos culturales realizados por la ANLM desde el 7 de junio de 1988, fecha de su fundaci\u00f3n.<\/p>\n<p>\u201cMe da un inmenso gusto saber que a nivel nacional tenemos una presidenta mujer, y ahora una a nivel estatal, as\u00ed como una coordinadora de Comunicaci\u00f3n Social y que las mujeres vayan posicion\u00e1ndose poco a poco\u201d, mencion\u00f3.<\/p>\n<p>El locutor Humberto M\u00e9ndez Campos, quien comparti\u00f3 gran parte de la trayectoria de esta asociaci\u00f3n que congrega a m\u00e1s de 40 mil mujeres y hombres, coment\u00f3 que adem\u00e1s de diplomados la ANLM promueve congresos nacionales y latinoamericanos, con el apoyo del Gobierno del Estado.<\/p>\n<p>En el marco de este evento L\u00f3pez Bautista otorg\u00f3 a nombre del Gobernador Silvano Aureoles Conejo, dos reconocimientos a la directora nacional de la ANLM y a la nueva presidenta de la Asociaci\u00f3n en Michoac\u00e1n.<\/p>\n<p>La nueva Mesa Directiva queda conformada por Adriana Mier y Ter\u00e1n Mangas como presidenta; de secretario, Arturo Tzintzun Mora; tesorera, Luisa Zamudio Calder\u00f3n; primer vocal, Paloma Vallejo Bautista; segundo vocal, Luis Fernando Guti\u00e9rrez Lara; tercer vocal, Sandra Soraya Castro Alcantar y el cuarto vocal, Ismael Herrera Ram\u00edrez.<\/p>\n<p>En el evento estuvieron presentes el director del Sistema Michoacano de Radio y Televisi\u00f3n, Carlos Bukantz Garza; la secretaria de Turismo del Ayuntamiento de Morelia, Thelma Aquique Arrieta y el secretario general del Sindicato de Trabajadores de la Industria de la Radiodifusi\u00f3n, Telecomunicaciones, Similares y Conexos de la Rep\u00fablica Mexicana, Secci\u00f3n Morelia, Antonio Aguilar Villase\u00f1or; integrantes de la mesa directiva saliente, entre otros y otras personalidades.<\/p>\n","protected":false},"excerpt":{"rendered":"<p>Presiden la titular de la CGCS, Julieta L\u00f3pez y la directora nacional de la ANLM, Rosal\u00eda Bua\u00fan, la toma de protesta de la Nueva Mesa Directiva de la Asociaci\u00f3n Nacional de Locutores, Delegaci\u00f3n Michoac\u00e1n 2018-2021. Morelia, Michoac\u00e1n, a 7 de junio de 2018.-\u00a0Michoac\u00e1n es punta de lanza en materia de profesionalizaci\u00f3n y capacitaci\u00f3n brindada a [&hellip;]<\/p>\n","protected":false},"author":2,"featured_media":54013,"comment_status":"closed","ping_status":"closed","sticky":false,"template":"","format":"standard","meta":{"footnotes":""},"categories":[14,3,60],"tags":[],"class_list":["post-54012","post","type-post","status-publish","format-standard","has-post-thumbnail","hentry","category-destacadas","category-gobierno-del-estado-de-michoacan","category-michoacan"],"_links":{"self":[{"href":"https:\/\/radiowebmx.com\/nota\/wp-json\/wp\/v2\/posts\/54012","targetHints":{"allow":["GET"]}}],"collection":[{"href":"https:\/\/radiowebmx.com\/nota\/wp-json\/wp\/v2\/posts"}],"about":[{"href":"https:\/\/radiowebmx.com\/nota\/wp-json\/wp\/v2\/types\/post"}],"author":[{"embeddable":true,"href":"https:\/\/radiowebmx.com\/nota\/wp-json\/wp\/v2\/users\/2"}],"replies":[{"embeddable":true,"href":"https:\/\/radiowebmx.com\/nota\/wp-json\/wp\/v2\/comments?post=54012"}],"version-history":[{"count":1,"href":"https:\/\/radiowebmx.com\/nota\/wp-json\/wp\/v2\/posts\/54012\/revisions"}],"predecessor-version":[{"id":54014,"href":"https:\/\/radiowebmx.com\/nota\/wp-json\/wp\/v2\/posts\/54012\/revisions\/54014"}],"wp:featuredmedia":[{"embeddable":true,"href":"https:\/\/radiowebmx.com\/nota\/wp-json\/wp\/v2\/media\/54013"}],"wp:attachment":[{"href":"https:\/\/radiowebmx.com\/nota\/wp-json\/wp\/v2\/media?parent=54012"}],"wp:term":[{"taxonomy":"category","embeddable":true,"href":"https:\/\/radiowebmx.com\/nota\/wp-json\/wp\/v2\/categories?post=54012"},{"taxonomy":"post_tag","embeddable":true,"href":"https:\/\/radiowebmx.com\/nota\/wp-json\/wp\/v2\/tags?post=54012"}],"curies":[{"name":"wp","href":"https:\/\/api.w.org\/{rel}","templated":true}]}}