{"id":5401,"date":"2014-02-10T12:00:31","date_gmt":"2014-02-10T18:00:31","guid":{"rendered":"https:\/\/radiowebmx.com\/nota\/?p=5401"},"modified":"2014-02-10T12:00:31","modified_gmt":"2014-02-10T18:00:31","slug":"busca-regidor-miguel-angel-villegas-financiamiento-a-organizaciones","status":"publish","type":"post","link":"https:\/\/radiowebmx.com\/nota\/busca-regidor-miguel-angel-villegas-financiamiento-a-organizaciones\/","title":{"rendered":"Busca regidor Miguel \u00c1ngel Villegas, financiamiento a organizaciones"},"content":{"rendered":"<p>Con el objetivo de crear una convocatoria clara y transparente que de oportunidad con equidad para poder acceder al financiamiento a organizaciones de la sociedad civil, el regidor moreliano Miguel \u00c1ngel Villegas Soto, present\u00f3 ante el Cabildo capitalino el proyecto \u201cResponsabilidad Compartida\u201d Financiamiento a Organizaciones de la Sociedad Civil.<\/p>\n<p>&nbsp;<\/p>\n<p>Villegas Soto, refiri\u00f3 que esta iniciativa estar\u00e1 orientada a financiar proyectos de organizaciones de la sociedad civil, destinadas a la participaci\u00f3n ciudadana, la cultura, la salud, el medio ambiente, y la econom\u00eda popular, que se encuentren debidamente constituidas, cuya fuente de recursos para financiar, se propone provenga de las bolsas aprobadas por el Ayuntamiento moreliano.<\/p>\n<p>&nbsp;<\/p>\n<p>El regidor destac\u00f3 que el esfuerzo que se realice en este proyecto, debe ser de forma solidaria entre el Ayuntamiento y las organizaciones sociales. Es decir por el monto solicitado, la organizaci\u00f3n deber\u00e1 aportar el 25 por ciento ya sea en especie o en efectivo, debiendo demostrarlo para poder participar en la convocatoria.<\/p>\n<p>&nbsp;<\/p>\n<p>El funcionario municipal, adelant\u00f3 que el presupuesto que se pretende aplicar durante la presente anualidad, ser\u00eda de 3.5 millones de pesos, que financiar\u00edan proyectos de Asociaciones de la Sociedad Civil que operen en el municipio de Morelia, con un monto m\u00e1ximo de 165 mil pesos a cada beneficiado, el cual y ser\u00e1n seleccionados por un comit\u00e9 plural.<\/p>\n<p>&nbsp;<\/p>\n<p>\u201cLa Comisi\u00f3n de Salud y Asistencia Social, en coordinaci\u00f3n con la Secretar\u00eda de Desarrollo Social Municipal, se encargar\u00e1 de elaborar las reglas de operaci\u00f3n del proyecto, adem\u00e1s de estipular las bases de la convocatoria, para ponerlos a consideraci\u00f3n por medio de un dictamen al pleno del Ayuntamiento, para su opini\u00f3n y posible aprobaci\u00f3n si fuera el caso\u201d.<\/p>\n<p>&nbsp;<\/p>\n<p>&nbsp;<\/p>\n<p>&nbsp;<\/p>\n<p>&nbsp;<\/p>\n<p>&nbsp;<\/p>\n<p>&nbsp;<\/p>\n<p>&nbsp;<\/p>\n<p>&nbsp;<\/p>\n<p>Villegas Soto, refiri\u00f3 que actualmente, el \u00fanico programa para el financiamiento a Organizaciones de la Sociedad Civil en el municipio de Morelia, es Coinversi\u00f3n Social de la Secretar\u00eda de Desarrollo Social del Gobierno Federal, es por ello que la implementaci\u00f3n del proyecto Responsabilidad Compartida, vendr\u00e1 a fortalecer a estas agrupaciones.<\/p>\n<p>&nbsp;<\/p>\n<p>Finalmente, Miguel \u00c1ngel Villegas, confi\u00f3 en que el pleno del Cabildo capitalino, incluyendo al presidente municipal aprueben la implementaci\u00f3n de este proyecto, el cual refiri\u00f3 ser\u00e1 de suma importancia para el desarrollo de las agrupaciones civiles morelianas las cuales tienen muchas ganas de aportar al desarrollo de la capital michoacana.<\/p>\n<p>&nbsp;<\/p>\n","protected":false},"excerpt":{"rendered":"<p>Con el objetivo de crear una convocatoria clara y transparente que de oportunidad con equidad para poder acceder al financiamiento a organizaciones de la sociedad civil, el regidor moreliano Miguel \u00c1ngel Villegas Soto, present\u00f3 ante el Cabildo capitalino el proyecto \u201cResponsabilidad Compartida\u201d <\/p>\n","protected":false},"author":1,"featured_media":0,"comment_status":"open","ping_status":"open","sticky":false,"template":"","format":"standard","meta":{"footnotes":""},"categories":[1],"tags":[],"class_list":["post-5401","post","type-post","status-publish","format-standard","hentry","category-sin-categoria"],"_links":{"self":[{"href":"https:\/\/radiowebmx.com\/nota\/wp-json\/wp\/v2\/posts\/5401","targetHints":{"allow":["GET"]}}],"collection":[{"href":"https:\/\/radiowebmx.com\/nota\/wp-json\/wp\/v2\/posts"}],"about":[{"href":"https:\/\/radiowebmx.com\/nota\/wp-json\/wp\/v2\/types\/post"}],"author":[{"embeddable":true,"href":"https:\/\/radiowebmx.com\/nota\/wp-json\/wp\/v2\/users\/1"}],"replies":[{"embeddable":true,"href":"https:\/\/radiowebmx.com\/nota\/wp-json\/wp\/v2\/comments?post=5401"}],"version-history":[{"count":2,"href":"https:\/\/radiowebmx.com\/nota\/wp-json\/wp\/v2\/posts\/5401\/revisions"}],"predecessor-version":[{"id":5403,"href":"https:\/\/radiowebmx.com\/nota\/wp-json\/wp\/v2\/posts\/5401\/revisions\/5403"}],"wp:attachment":[{"href":"https:\/\/radiowebmx.com\/nota\/wp-json\/wp\/v2\/media?parent=5401"}],"wp:term":[{"taxonomy":"category","embeddable":true,"href":"https:\/\/radiowebmx.com\/nota\/wp-json\/wp\/v2\/categories?post=5401"},{"taxonomy":"post_tag","embeddable":true,"href":"https:\/\/radiowebmx.com\/nota\/wp-json\/wp\/v2\/tags?post=5401"}],"curies":[{"name":"wp","href":"https:\/\/api.w.org\/{rel}","templated":true}]}}