{"id":54009,"date":"2018-06-08T12:32:46","date_gmt":"2018-06-08T17:32:46","guid":{"rendered":"https:\/\/radiowebmx.com\/nota\/?p=54009"},"modified":"2018-06-08T13:59:19","modified_gmt":"2018-06-08T18:59:19","slug":"habra-impulso-real-a-los-emprendedores-y-microempresarios-constantino-ortiz","status":"publish","type":"post","link":"https:\/\/radiowebmx.com\/nota\/habra-impulso-real-a-los-emprendedores-y-microempresarios-constantino-ortiz\/","title":{"rendered":"Habr\u00e1 impulso real a los emprendedores  y microempresarios: Constantino Ortiz"},"content":{"rendered":"<p><img loading=\"lazy\" decoding=\"async\" class=\"\" src=\"https:\/\/attachment.outlook.live.net\/owa\/ultrapolitica@hotmail.com\/service.svc\/s\/GetAttachmentThumbnail?id=AQMkADAwATYwMAItODMyNi00ODU0LTAwAi0wMAoARgAAA5HawHgQuq9DrqMPu%2BRLC5sHANRV7lYdW%2FpNtd2j%2BEW2swoAAAIBDAAAANRV7lYdW%2FpNtd2j%2BEW2swoAAnIE4p0AAAABEgAQACbGMCpcFXlIjqm642imNi0%3D&amp;thumbnailType=2&amp;X-OWA-CANARY=1_n42v5yok66FmG69mIALIAP-pdxzdUYPtNhKH5xpiDvMCl-0_tN3QVlupakpciui7hxQ4oDbcQ.&amp;token=eyJhbGciOiJSUzI1NiIsImtpZCI6IjA2MDBGOUY2NzQ2MjA3MzdFNzM0MDRFMjg3QzQ1QTgxOENCN0NFQjgiLCJ4NXQiOiJCZ0Q1OW5SaUJ6Zm5OQVRpaDhSYWdZeTN6cmciLCJ0eXAiOiJKV1QifQ.eyJ2ZXIiOiJFeGNoYW5nZS5DYWxsYmFjay5WMSIsImFwcGN0eHNlbmRlciI6Ik93YURvd25sb2FkQDg0ZGY5ZTdmLWU5ZjYtNDBhZi1iNDM1LWFhYWFhYWFhYWFhYSIsImFwcGN0eCI6IntcIm1zZXhjaHByb3RcIjpcIm93YVwiLFwicHJpbWFyeXNpZFwiOlwiUy0xLTI4MjctMzkzMjE2LTIyMDAzMjQxODBcIixcInB1aWRcIjpcIjE2ODg4NTIwNjA1ODgxMTZcIixcIm9pZFwiOlwiMDAwNjAwMDAtODMyNi00ODU0LTAwMDAtMDAwMDAwMDAwMDAwXCIsXCJzY29wZVwiOlwiT3dhRG93bmxvYWRcIn0iLCJuYmYiOjE1Mjg0ODQxOTUsImV4cCI6MTUyODQ4NDc5NSwiaXNzIjoiMDAwMDAwMDItMDAwMC0wZmYxLWNlMDAtMDAwMDAwMDAwMDAwQDg0ZGY5ZTdmLWU5ZjYtNDBhZi1iNDM1LWFhYWFhYWFhYWFhYSIsImF1ZCI6IjAwMDAwMDAyLTAwMDAtMGZmMS1jZTAwLTAwMDAwMDAwMDAwMC9hdHRhY2htZW50Lm91dGxvb2subGl2ZS5uZXRAODRkZjllN2YtZTlmNi00MGFmLWI0MzUtYWFhYWFhYWFhYWFhIn0.DyudZSXhFuD5gcEUau10aGvfzwT_ecDsg6NxdRDLoGTzjdWgHSy7UBRyJHRAiKtgPjvdkYuIAlggiDlTwqEmnizBARI_22ptkHdx7O99KAXwEcPkBubLqRUJT-oFYd1Pwj__W_k4WmTSlIYPasSSRHeIk5z75YgkJFJRfXB-J5-xdu-ppU1wyyUvw9Gd5ilUolITcEnqm5z-fl1gEqlrOfBS0StjLMQUvnYIH14ns1YsbgU7VZOm0GGHvd3mPmP9HWXZAKthyOq6bxO7zfUAMuzOScFKPgu2GQWPL1nn5Wm6xWXY3Jscb40FcPgC60kA_clKJvMrHjXMc2duTLKrEQ&amp;owa=outlook.live.com&amp;isc=1\" width=\"401\" height=\"267\" \/><\/p>\n<p>&nbsp;<\/p>\n<p><span style=\"color: #000000; font-family: Calibri; font-size: medium;\">El candidato del Partido Verde Ecologista de M\u00e9xico (PVEM) por la Presidencia de Morelia, Constantino Ortiz, se comprometi\u00f3 a brindar un impulso verdadero a los emprendedores y microempresarios del municipio que arriesgan su capital para generar empleos.<\/span><\/p>\n<p><span style=\"color: #000000; font-family: Calibri; font-size: medium;\">Durante un encuentro con productores de cerveza artesanal, afirm\u00f3 que la microindustria cervecera \u201cno estar\u00e1 abandonada como hasta ahora ha sido la constante con el gobierno independiente\u201d, porque \u201cse trata de un sector productivo que se enfrenta a grandes retos, al competir con grandes industriales\u201d.<\/span><\/p>\n<p><span style=\"color: #000000; font-family: Calibri; font-size: medium;\">Anunci\u00f3 que una vez que la planilla verde que encabeza, regida por el lema \u201cT\u00fa decides el cambio\u201d, llegue a la presidencia capitalina con el respaldo de los ciudadanos, \u201cbrindaremos soluciones a sus problem\u00e1ticas, como es la falta de licencia para las figuras de cerveza artesanal, salas de degustaci\u00f3n y micro empresas que trabajan en sus casas\u201d.<\/span><\/p>\n<p><span style=\"font-family: Calibri;\"><span style=\"font-size: medium;\"><span style=\"color: #000000;\">Tambi\u00e9n, anunci\u00f3 la creaci\u00f3n de Instituto de la Cerveza Artesanal, as\u00ed como de la Ruta de la Cerveza Artesanal, misma que a pesar de las promesas, ninguna administraci\u00f3n ha podido concretar.\u00a0\u00a0<\/span><\/span><\/span><\/p>\n<p><span style=\"color: #000000; font-family: Calibri; font-size: medium;\">Los responsables del gremio cervecero en la ciudad, afirmaron que Constantino Ortiz es \u201cel \u00fanico candidato que nos ha tomado en cuenta y que da propuestas solidas para que podamos crecer y desarrollarnos, ante la carencia de espacios donde se puedan vender y ofrecer nuestros productos\u201d.<\/span><\/p>\n<p><span style=\"color: #000000;\">El candidato concluy\u00f3 que m\u00e1s de 30 a\u00f1os de experiencia empresarial respaldan sus compromisos, porque \u201cnunca he dependido de un salario, ni del erario p\u00fablico, me he dedicado al trabajo por mi cuenta y a la generaci\u00f3n de empleos, por eso les reafirmo que sabremos ser sus aliados y responder a las necesidades que nos plantearon\u201d<\/span><\/p>\n","protected":false},"excerpt":{"rendered":"<p>&nbsp; El candidato del Partido Verde Ecologista de M\u00e9xico (PVEM) por la Presidencia de Morelia, Constantino Ortiz, se comprometi\u00f3 a brindar un impulso verdadero a los emprendedores y microempresarios del municipio que arriesgan su capital para generar empleos. Durante un encuentro con productores de cerveza artesanal, afirm\u00f3 que la microindustria cervecera \u201cno estar\u00e1 abandonada como [&hellip;]<\/p>\n","protected":false},"author":2,"featured_media":54010,"comment_status":"closed","ping_status":"closed","sticky":false,"template":"","format":"standard","meta":{"footnotes":""},"categories":[14,90],"tags":[],"class_list":["post-54009","post","type-post","status-publish","format-standard","has-post-thumbnail","hentry","category-destacadas","category-elecciones-2018"],"_links":{"self":[{"href":"https:\/\/radiowebmx.com\/nota\/wp-json\/wp\/v2\/posts\/54009","targetHints":{"allow":["GET"]}}],"collection":[{"href":"https:\/\/radiowebmx.com\/nota\/wp-json\/wp\/v2\/posts"}],"about":[{"href":"https:\/\/radiowebmx.com\/nota\/wp-json\/wp\/v2\/types\/post"}],"author":[{"embeddable":true,"href":"https:\/\/radiowebmx.com\/nota\/wp-json\/wp\/v2\/users\/2"}],"replies":[{"embeddable":true,"href":"https:\/\/radiowebmx.com\/nota\/wp-json\/wp\/v2\/comments?post=54009"}],"version-history":[{"count":1,"href":"https:\/\/radiowebmx.com\/nota\/wp-json\/wp\/v2\/posts\/54009\/revisions"}],"predecessor-version":[{"id":54011,"href":"https:\/\/radiowebmx.com\/nota\/wp-json\/wp\/v2\/posts\/54009\/revisions\/54011"}],"wp:featuredmedia":[{"embeddable":true,"href":"https:\/\/radiowebmx.com\/nota\/wp-json\/wp\/v2\/media\/54010"}],"wp:attachment":[{"href":"https:\/\/radiowebmx.com\/nota\/wp-json\/wp\/v2\/media?parent=54009"}],"wp:term":[{"taxonomy":"category","embeddable":true,"href":"https:\/\/radiowebmx.com\/nota\/wp-json\/wp\/v2\/categories?post=54009"},{"taxonomy":"post_tag","embeddable":true,"href":"https:\/\/radiowebmx.com\/nota\/wp-json\/wp\/v2\/tags?post=54009"}],"curies":[{"name":"wp","href":"https:\/\/api.w.org\/{rel}","templated":true}]}}