{"id":54005,"date":"2018-06-08T13:56:03","date_gmt":"2018-06-08T18:56:03","guid":{"rendered":"https:\/\/radiowebmx.com\/nota\/?p=54005"},"modified":"2018-06-08T13:56:03","modified_gmt":"2018-06-08T18:56:03","slug":"modernizar-la-facultad-de-derecho-valeria-martinez","status":"publish","type":"post","link":"https:\/\/radiowebmx.com\/nota\/modernizar-la-facultad-de-derecho-valeria-martinez\/","title":{"rendered":"Modernizar la Facultad de Derecho: Valeria Mart\u00ednez"},"content":{"rendered":"<p><a href=\"https:\/\/radiowebmx.com\/nota\/wp-content\/uploads\/2018\/06\/WhatsApp-Image-2018-06-08-at-12.35.00-PM.jpeg\"><img loading=\"lazy\" decoding=\"async\" class=\"alignnone  wp-image-54006\" src=\"https:\/\/radiowebmx.com\/nota\/wp-content\/uploads\/2018\/06\/WhatsApp-Image-2018-06-08-at-12.35.00-PM-595x390.jpeg\" alt=\"\" width=\"399\" height=\"261\" srcset=\"https:\/\/radiowebmx.com\/nota\/wp-content\/uploads\/2018\/06\/WhatsApp-Image-2018-06-08-at-12.35.00-PM-595x390.jpeg 595w, https:\/\/radiowebmx.com\/nota\/wp-content\/uploads\/2018\/06\/WhatsApp-Image-2018-06-08-at-12.35.00-PM-768x504.jpeg 768w, https:\/\/radiowebmx.com\/nota\/wp-content\/uploads\/2018\/06\/WhatsApp-Image-2018-06-08-at-12.35.00-PM-960x630.jpeg 960w, https:\/\/radiowebmx.com\/nota\/wp-content\/uploads\/2018\/06\/WhatsApp-Image-2018-06-08-at-12.35.00-PM.jpeg 1280w\" sizes=\"auto, (max-width: 399px) 100vw, 399px\" \/><\/a><\/p>\n<p>&nbsp;<\/p>\n<p>Para Valeria Mart\u00ednez Sandoval candidata a consejera t\u00e9cnica de la Facultad de Derecho y Ciencias Sociales e integrante de la organizaci\u00f3n estudiantil Generaci\u00f3n Alternativa es el momento de una modernizaci\u00f3n en la citada casa de estudios, ello en raz\u00f3n a los cambios en materia procesal que ampl\u00eda las necesidades del conocimiento, lo que pasa necesariamente por diversos mecanismos de modernizaci\u00f3n.<\/p>\n<p>Estudiante del tercer grado de la Facultad de Derecho, Mart\u00ednez Sandoval se\u00f1ala que es impostergable darle un nuevo dise\u00f1o a la instituci\u00f3n emblem\u00e1tica de la Universidad Michoacana de San Nicol\u00e1s de Hidalgo, ocupamos combatir el ausentismo que se registra de manera significativa en nuestra facultad, proponer los concursos de oposici\u00f3n de los docentes en el tiempo justo para que los estudiantes aprovechen el tiempo en la superaci\u00f3n acad\u00e9mica.<\/p>\n<p>Asimismo Valeria Mart\u00ednez puntualiz\u00f3 que en su agenda a la que dar\u00e1 seguimiento de llegar a la consejer\u00eda se contemplan puntos esenciales para gestionar convenios para facilitar pr\u00e1cticas profesionales ante organizaciones vinculadas al quehacer jur\u00eddico como colegios de notarios, asociaciones de jueces y colegios de abogados, todo ello encaminado a generar v\u00ednculos que sean de utilidad para quienes aspiran a ser profesionales del derecho.<\/p>\n<p>La candidata tambi\u00e9n expres\u00f3 que se ocupa gestionar becas y estancias acad\u00e9micas de movilidad en el extranjero, incluy\u00f3 la realizaci\u00f3n anual de ferias de empleo, servicio social y pasant\u00edas. Tenemos metas, sue\u00f1os y lo que propongo son ejercicios que resultan impostergables, \u00fatiles y necesarios, asever\u00f3.<\/p>\n<p>Mart\u00ednez Sandoval apunt\u00f3 que se requiere de mejoras en materia de infraestructura en la Facultad de Derecho, acceso a internet y mejoramiento en los inmuebles que en la actualidad ocupan los estudiantes. Ser nicolaita representa una herencia, un compromiso y una gran responsabilidad, concluy\u00f3.<\/p>\n","protected":false},"excerpt":{"rendered":"<p>&nbsp; Para Valeria Mart\u00ednez Sandoval candidata a consejera t\u00e9cnica de la Facultad de Derecho y Ciencias Sociales e integrante de la organizaci\u00f3n estudiantil Generaci\u00f3n Alternativa es el momento de una modernizaci\u00f3n en la citada casa de estudios, ello en raz\u00f3n a los cambios en materia procesal que ampl\u00eda las necesidades del conocimiento, lo que pasa [&hellip;]<\/p>\n","protected":false},"author":2,"featured_media":54007,"comment_status":"closed","ping_status":"closed","sticky":false,"template":"","format":"standard","meta":{"footnotes":""},"categories":[14],"tags":[],"class_list":["post-54005","post","type-post","status-publish","format-standard","has-post-thumbnail","hentry","category-destacadas"],"_links":{"self":[{"href":"https:\/\/radiowebmx.com\/nota\/wp-json\/wp\/v2\/posts\/54005","targetHints":{"allow":["GET"]}}],"collection":[{"href":"https:\/\/radiowebmx.com\/nota\/wp-json\/wp\/v2\/posts"}],"about":[{"href":"https:\/\/radiowebmx.com\/nota\/wp-json\/wp\/v2\/types\/post"}],"author":[{"embeddable":true,"href":"https:\/\/radiowebmx.com\/nota\/wp-json\/wp\/v2\/users\/2"}],"replies":[{"embeddable":true,"href":"https:\/\/radiowebmx.com\/nota\/wp-json\/wp\/v2\/comments?post=54005"}],"version-history":[{"count":1,"href":"https:\/\/radiowebmx.com\/nota\/wp-json\/wp\/v2\/posts\/54005\/revisions"}],"predecessor-version":[{"id":54008,"href":"https:\/\/radiowebmx.com\/nota\/wp-json\/wp\/v2\/posts\/54005\/revisions\/54008"}],"wp:featuredmedia":[{"embeddable":true,"href":"https:\/\/radiowebmx.com\/nota\/wp-json\/wp\/v2\/media\/54007"}],"wp:attachment":[{"href":"https:\/\/radiowebmx.com\/nota\/wp-json\/wp\/v2\/media?parent=54005"}],"wp:term":[{"taxonomy":"category","embeddable":true,"href":"https:\/\/radiowebmx.com\/nota\/wp-json\/wp\/v2\/categories?post=54005"},{"taxonomy":"post_tag","embeddable":true,"href":"https:\/\/radiowebmx.com\/nota\/wp-json\/wp\/v2\/tags?post=54005"}],"curies":[{"name":"wp","href":"https:\/\/api.w.org\/{rel}","templated":true}]}}