{"id":53991,"date":"2018-06-07T12:48:37","date_gmt":"2018-06-07T17:48:37","guid":{"rendered":"https:\/\/radiowebmx.com\/nota\/?p=53991"},"modified":"2018-06-07T14:00:55","modified_gmt":"2018-06-07T19:00:55","slug":"fausto-vallejo-figueroa-unico-candidato-que-dice-como-resolver-problemas-de-villas-del-pedregal","status":"publish","type":"post","link":"https:\/\/radiowebmx.com\/nota\/fausto-vallejo-figueroa-unico-candidato-que-dice-como-resolver-problemas-de-villas-del-pedregal\/","title":{"rendered":"Fausto Vallejo Figueroa, \u00fanico candidato que dice c\u00f3mo resolver problemas de Villas del Pedregal"},"content":{"rendered":"<p><img loading=\"lazy\" decoding=\"async\" class=\"\" src=\"https:\/\/attachment.outlook.live.net\/owa\/ultrapolitica@hotmail.com\/service.svc\/s\/GetAttachmentThumbnail?id=AQMkADAwATYwMAItODMyNi00ODU0LTAwAi0wMAoARgAAA5HawHgQuq9DrqMPu%2BRLC5sHANRV7lYdW%2FpNtd2j%2BEW2swoAAAIBDAAAANRV7lYdW%2FpNtd2j%2BEW2swoAAnFiD20AAAABEgAQAPAdZtLr8KNJv%2BaK%2FBBxTmQ%3D&amp;thumbnailType=2&amp;X-OWA-CANARY=xU7iHGCbrE6mHL61ZiiMk_DguUyozNUYp7pQ0txIc7_ORZZs4ier8xkgvvdoLuoJRfddSLBp3lc.&amp;token=eyJhbGciOiJSUzI1NiIsImtpZCI6IjA2MDBGOUY2NzQ2MjA3MzdFNzM0MDRFMjg3QzQ1QTgxOENCN0NFQjgiLCJ4NXQiOiJCZ0Q1OW5SaUJ6Zm5OQVRpaDhSYWdZeTN6cmciLCJ0eXAiOiJKV1QifQ.eyJ2ZXIiOiJFeGNoYW5nZS5DYWxsYmFjay5WMSIsImFwcGN0eHNlbmRlciI6Ik93YURvd25sb2FkQDg0ZGY5ZTdmLWU5ZjYtNDBhZi1iNDM1LWFhYWFhYWFhYWFhYSIsImFwcGN0eCI6IntcIm1zZXhjaHByb3RcIjpcIm93YVwiLFwicHJpbWFyeXNpZFwiOlwiUy0xLTI4MjctMzkzMjE2LTIyMDAzMjQxODBcIixcInB1aWRcIjpcIjE2ODg4NTIwNjA1ODgxMTZcIixcIm9pZFwiOlwiMDAwNjAwMDAtODMyNi00ODU0LTAwMDAtMDAwMDAwMDAwMDAwXCIsXCJzY29wZVwiOlwiT3dhRG93bmxvYWRcIn0iLCJuYmYiOjE1MjgzOTc1NzUsImV4cCI6MTUyODM5ODE3NSwiaXNzIjoiMDAwMDAwMDItMDAwMC0wZmYxLWNlMDAtMDAwMDAwMDAwMDAwQDg0ZGY5ZTdmLWU5ZjYtNDBhZi1iNDM1LWFhYWFhYWFhYWFhYSIsImF1ZCI6IjAwMDAwMDAyLTAwMDAtMGZmMS1jZTAwLTAwMDAwMDAwMDAwMC9hdHRhY2htZW50Lm91dGxvb2subGl2ZS5uZXRAODRkZjllN2YtZTlmNi00MGFmLWI0MzUtYWFhYWFhYWFhYWFhIn0.kAZBcNdGuH8sSCqu1hvVDwI08d99Gra_PnQ_zRyteSlQoL4YrYebfOfJPZIHOwT6htsYKBJ4R-EdudFqyPQHmbcFk5UAiscrG85Tl01QUXLwAiL6Idu1bJXo9rGWuNYxZF9luOYRoxz8Jihj_z6cCPW-YVMSikQRdc7i3UAT7jRhp-LkTLOm5uWrDp-mC8jD0xfwYAxwZv-l6S76ft8QxvjbXPrtBBuUpJPGOqcfZlb9iYBTX1REKxevO3IfiI1MqSer2xg9MT3l2zjVEnpXSlafUJ1SE0ygsG6tmO8zgdyqSGr8fTmvgR5k1aLDb7QeFTWQYP7ZhqPTN4E09AyXzw&amp;owa=outlook.live.com&amp;isc=1\" width=\"401\" height=\"267\" \/><\/p>\n<p>&nbsp;<\/p>\n<p class=\"x_gmail-MsoNoSpacing\"><strong>\u2022\u00a0\u00a0\u00a0\u00a0\u00a0\u00a0\u00a0\u00a0\u00a0\u00a0Administraci\u00f3n municipal habr\u00e1 de trabajar en atender focos rojos en materia de inseguridad<\/strong><\/p>\n<p class=\"x_gmail-MsoNoSpacing\">\n<p class=\"x_gmail-MsoNoSpacing\"><b>Morelia, Mich., a 7 de junio de 2018.-<\/b>\u00a0Ante habitantes del fraccionamiento m\u00e1s grande de Latinoam\u00e9rica, actual foco rojo en materia de inseguridad y violencia intrafamiliar, el candidato a la Presidencia Municipal por el Partido Encuentro Social, Fausto Vallejo Figueroa, anunci\u00f3 que a su regreso al Ayuntamiento dar\u00e1 atenci\u00f3n especial a las problem\u00e1ticas que enfrenta Villas del Pedregal, que son la falta de agua potable, seguridad, transporte p\u00fablico y espacios educativos, de las cuales la administraci\u00f3n independiente se ha desentendido.<\/p>\n<p class=\"x_gmail-MsoNoSpacing\">Colonos de este fraccionamiento denunciaron ante el cuatro veces alcalde, que el gobierno capitalino ha hecho caso omiso a sus solicitudes para que atienda la falta de agua y los robos constantes a casas habitaci\u00f3n y transe\u00fantes.<\/p>\n<p class=\"x_gmail-MsoNoSpacing\">\u201cPor varios a\u00f1os se han privilegiado zonas muy espec\u00edficas de la ciudad y a nosotros nos han olvidado. Mientras se gastan el dinero en cosas superfluas, nosotros tenemos sed. En Villas necesitamos agua, vivimos de un solo vertedero no muy abundante, por si fuera poco, se roban los cables del pozo y nadie puede evitarlo y la gente se siente insegura en sus propias casas\u201d, expuso Mar\u00eda Nila Contreras Hern\u00e1ndez, vecina del lugar.<\/p>\n<p class=\"x_gmail-MsoNoSpacing\">Los habitantes de dicho asentamiento, reconocieron que el abanderado del PES no es el primer candidato que se compromete a resolver los principales problemas del fraccionamiento, pero s\u00ed el \u00fanico que ha dicho c\u00f3mo lo va a hacer.<\/p>\n<p class=\"x_gmail-MsoNoSpacing\">Por su parte, Vallejo Figueroa anunci\u00f3 algunas de las acciones concretas que habr\u00e1 de desarrollar una vez al frente de la comuna moreliana para beneficio de los miles de habitantes de este asentamiento urbano, entre ellas, obligar a los fraccionadores a que resuelvan el problema del agua y le entreguen a la administraci\u00f3n municipal este fraccionamiento, \u201cporque no es correcto que ustedes sigan padeciendo por agua si pagan todos sus servicios a tiempo\u201d.<\/p>\n<p class=\"x_gmail-MsoNoSpacing\">Adem\u00e1s, en materia de movilidad, el ex gobernador adelant\u00f3 que cuanto antes iniciar\u00e1 las gestiones para construir el paso a desnivel en la entrada de Villas del Pedregal y para que se ampl\u00eden los servicios educativos, ya que actualmente los estudiantes se tienen que trasladar hasta el centro de la ciudad para continuar prepar\u00e1ndose lo cual repercute en la econom\u00eda familiar.<\/p>\n<p class=\"x_gmail-MsoNoSpacing\">En cuanto al tema de seguridad, el abanderado del PES, record\u00f3 que Morelia est\u00e1 catalogada dentro de las 50 ciudades m\u00e1s inseguras; la Chapultepec, el Centro Hist\u00f3rico y Villas del Pedregal son focos rojos, por lo que el pr\u00f3ximo gobierno municipal emprender\u00e1 acciones preventivas contra la delincuencia y drogadicci\u00f3n, como la construcci\u00f3n de unidades deportivas y centros culturales en la zona poniente de la capital michoacana.<\/p>\n<p>&nbsp;<\/p>\n<p><img loading=\"lazy\" decoding=\"async\" class=\"\" src=\"https:\/\/attachment.outlook.live.net\/owa\/ultrapolitica@hotmail.com\/service.svc\/s\/GetAttachmentThumbnail?id=AQMkADAwATYwMAItODMyNi00ODU0LTAwAi0wMAoARgAAA5HawHgQuq9DrqMPu%2BRLC5sHANRV7lYdW%2FpNtd2j%2BEW2swoAAAIBDAAAANRV7lYdW%2FpNtd2j%2BEW2swoAAnFiD20AAAABEgAQAETXbVA3NsdEibydmi%2FMPck%3D&amp;thumbnailType=2&amp;X-OWA-CANARY=xU7iHGCbrE6mHL61ZiiMk_DguUyozNUYp7pQ0txIc7_ORZZs4ier8xkgvvdoLuoJRfddSLBp3lc.&amp;token=eyJhbGciOiJSUzI1NiIsImtpZCI6IjA2MDBGOUY2NzQ2MjA3MzdFNzM0MDRFMjg3QzQ1QTgxOENCN0NFQjgiLCJ4NXQiOiJCZ0Q1OW5SaUJ6Zm5OQVRpaDhSYWdZeTN6cmciLCJ0eXAiOiJKV1QifQ.eyJ2ZXIiOiJFeGNoYW5nZS5DYWxsYmFjay5WMSIsImFwcGN0eHNlbmRlciI6Ik93YURvd25sb2FkQDg0ZGY5ZTdmLWU5ZjYtNDBhZi1iNDM1LWFhYWFhYWFhYWFhYSIsImFwcGN0eCI6IntcIm1zZXhjaHByb3RcIjpcIm93YVwiLFwicHJpbWFyeXNpZFwiOlwiUy0xLTI4MjctMzkzMjE2LTIyMDAzMjQxODBcIixcInB1aWRcIjpcIjE2ODg4NTIwNjA1ODgxMTZcIixcIm9pZFwiOlwiMDAwNjAwMDAtODMyNi00ODU0LTAwMDAtMDAwMDAwMDAwMDAwXCIsXCJzY29wZVwiOlwiT3dhRG93bmxvYWRcIn0iLCJuYmYiOjE1MjgzOTc1NzUsImV4cCI6MTUyODM5ODE3NSwiaXNzIjoiMDAwMDAwMDItMDAwMC0wZmYxLWNlMDAtMDAwMDAwMDAwMDAwQDg0ZGY5ZTdmLWU5ZjYtNDBhZi1iNDM1LWFhYWFhYWFhYWFhYSIsImF1ZCI6IjAwMDAwMDAyLTAwMDAtMGZmMS1jZTAwLTAwMDAwMDAwMDAwMC9hdHRhY2htZW50Lm91dGxvb2subGl2ZS5uZXRAODRkZjllN2YtZTlmNi00MGFmLWI0MzUtYWFhYWFhYWFhYWFhIn0.kAZBcNdGuH8sSCqu1hvVDwI08d99Gra_PnQ_zRyteSlQoL4YrYebfOfJPZIHOwT6htsYKBJ4R-EdudFqyPQHmbcFk5UAiscrG85Tl01QUXLwAiL6Idu1bJXo9rGWuNYxZF9luOYRoxz8Jihj_z6cCPW-YVMSikQRdc7i3UAT7jRhp-LkTLOm5uWrDp-mC8jD0xfwYAxwZv-l6S76ft8QxvjbXPrtBBuUpJPGOqcfZlb9iYBTX1REKxevO3IfiI1MqSer2xg9MT3l2zjVEnpXSlafUJ1SE0ygsG6tmO8zgdyqSGr8fTmvgR5k1aLDb7QeFTWQYP7ZhqPTN4E09AyXzw&amp;owa=outlook.live.com&amp;isc=1\" width=\"401\" height=\"267\" \/><\/p>\n","protected":false},"excerpt":{"rendered":"<p>&nbsp; \u2022\u00a0\u00a0\u00a0\u00a0\u00a0\u00a0\u00a0\u00a0\u00a0\u00a0Administraci\u00f3n municipal habr\u00e1 de trabajar en atender focos rojos en materia de inseguridad Morelia, Mich., a 7 de junio de 2018.-\u00a0Ante habitantes del fraccionamiento m\u00e1s grande de Latinoam\u00e9rica, actual foco rojo en materia de inseguridad y violencia intrafamiliar, el candidato a la Presidencia Municipal por el Partido Encuentro Social, Fausto Vallejo Figueroa, anunci\u00f3 que [&hellip;]<\/p>\n","protected":false},"author":2,"featured_media":53992,"comment_status":"closed","ping_status":"closed","sticky":false,"template":"","format":"standard","meta":{"footnotes":""},"categories":[14,90],"tags":[],"class_list":["post-53991","post","type-post","status-publish","format-standard","has-post-thumbnail","hentry","category-destacadas","category-elecciones-2018"],"_links":{"self":[{"href":"https:\/\/radiowebmx.com\/nota\/wp-json\/wp\/v2\/posts\/53991","targetHints":{"allow":["GET"]}}],"collection":[{"href":"https:\/\/radiowebmx.com\/nota\/wp-json\/wp\/v2\/posts"}],"about":[{"href":"https:\/\/radiowebmx.com\/nota\/wp-json\/wp\/v2\/types\/post"}],"author":[{"embeddable":true,"href":"https:\/\/radiowebmx.com\/nota\/wp-json\/wp\/v2\/users\/2"}],"replies":[{"embeddable":true,"href":"https:\/\/radiowebmx.com\/nota\/wp-json\/wp\/v2\/comments?post=53991"}],"version-history":[{"count":1,"href":"https:\/\/radiowebmx.com\/nota\/wp-json\/wp\/v2\/posts\/53991\/revisions"}],"predecessor-version":[{"id":53993,"href":"https:\/\/radiowebmx.com\/nota\/wp-json\/wp\/v2\/posts\/53991\/revisions\/53993"}],"wp:featuredmedia":[{"embeddable":true,"href":"https:\/\/radiowebmx.com\/nota\/wp-json\/wp\/v2\/media\/53992"}],"wp:attachment":[{"href":"https:\/\/radiowebmx.com\/nota\/wp-json\/wp\/v2\/media?parent=53991"}],"wp:term":[{"taxonomy":"category","embeddable":true,"href":"https:\/\/radiowebmx.com\/nota\/wp-json\/wp\/v2\/categories?post=53991"},{"taxonomy":"post_tag","embeddable":true,"href":"https:\/\/radiowebmx.com\/nota\/wp-json\/wp\/v2\/tags?post=53991"}],"curies":[{"name":"wp","href":"https:\/\/api.w.org\/{rel}","templated":true}]}}