{"id":53985,"date":"2018-06-07T13:44:26","date_gmt":"2018-06-07T18:44:26","guid":{"rendered":"https:\/\/radiowebmx.com\/nota\/?p=53985"},"modified":"2018-06-07T13:44:26","modified_gmt":"2018-06-07T18:44:26","slug":"impulsar-una-morelia-digital-y-creativa-propuesta-de-moron-para-jovenes-morelianos","status":"publish","type":"post","link":"https:\/\/radiowebmx.com\/nota\/impulsar-una-morelia-digital-y-creativa-propuesta-de-moron-para-jovenes-morelianos\/","title":{"rendered":"Impulsar una Morelia digital y creativa, propuesta de Mor\u00f3n para j\u00f3venes morelianos"},"content":{"rendered":"<ul>\n<li><strong>El candidato busca impulsar un programa estrella para j\u00f3venes, en el que la tecnolog\u00eda y la innovaci\u00f3n contribuir\u00e1n para alcanzar las grandes metas de desarrollo<\/strong><\/li>\n<\/ul>\n<p><strong>Morelia, Michoac\u00e1n<\/strong>.- Para garantizar el\u00a0<strong>derecho a la informaci\u00f3n<\/strong>, el acceso a Internet y la conectividad para alcanzar el desarrollo integral de Morelia, donde la participaci\u00f3n de los j\u00f3venes sea un eje central en el dise\u00f1o tambi\u00e9n de las pol\u00edticas p\u00fablicas, auxiliados con la tecnolog\u00eda y la innovaci\u00f3n,\u00a0<strong>Ra\u00fal Mor\u00f3n Orozco<\/strong>, candidato de\u00a0<strong>Morena<\/strong>\u00a0y el\u00a0<strong>PT<\/strong>\u00a0a la presidencia municipal de la capital del estado present\u00f3 su agenda de gobierno a j\u00f3venes universitarios.<\/p>\n<p>La agenda \u201c<strong>Morelia Digital y Creativa<\/strong>\u201d que present\u00f3 el candidato la dio a conocer en el Foro Electoral organizado por la\u00a0<strong>Universidad Interamericana para el Desarrollo<\/strong>\u00a0(UNID), que se llev\u00f3 a cabo este jueves.<\/p>\n<p>En este contexto Ra\u00fal Mor\u00f3n destac\u00f3 que \u201cMorelia Digital y Creativa\u201d, ser\u00e1 el\u00a0<strong>programa<\/strong>\u00a0estrella para los j\u00f3venes, en el que la\u00a0<strong>tecnolog\u00eda<\/strong>\u00a0y la<strong>\u00a0innovaci\u00f3n<\/strong>contribuir\u00e1n para alcanzar las grandes metas de desarrollo de nuestra ciudad.<\/p>\n<p>A trav\u00e9s de este programa que fue presentado a los j\u00f3venes universitarios se busca promover el despliegue de redes de\u00a0<strong>telecomunicaciones<\/strong>\u00a0para llevar la conectividad digital a los sitios y espacios p\u00fablicos como las escuelas,<strong>\u00a0centros de salud,<\/strong>\u00a0<strong>bibliotecas<\/strong>,\u00a0<strong>centros comunitarios<\/strong>\u00a0y tambi\u00e9n en parques.<\/p>\n<p>De la misma forma tambi\u00e9n se crear\u00e1n\u00a0<strong>Centros de Inclusi\u00f3n Digital<\/strong>\u00a0en los cuatro sectores de la capital del estado, as\u00ed como tambi\u00e9n en las tenencias.<\/p>\n<p>Estos centros ofrecer\u00e1n cursos de\u00a0<strong>alfabetizaci\u00f3n digital<\/strong>,\u00a0<strong>rob\u00f3tica<\/strong>,<strong>\u00a0mec\u00e1nica<\/strong>\u00a0y\u00a0<strong>programaci\u00f3n<\/strong>, as\u00ed como tambi\u00e9n programas de innovaci\u00f3n y<strong>\u00a0emprendimiento<\/strong>, pasando por<strong>\u00a0clases de idiomas<\/strong>\u00a0y uso b\u00e1sico de programas digitales dirigidos a adultos y a personas de cualquier edad.<\/p>\n<p>Estos programas que impulsar\u00e1 el gobierno de Morelia que encabezar\u00e1 Ra\u00fal Mor\u00f3n ser\u00e1n con una perspectiva de<strong>\u00a0inclusi\u00f3n<\/strong>\u00a0y\u00a0<strong>sustentabilidad<\/strong>, donde se conjuguen con la creatividad y el conocimiento, que vayan en funci\u00f3n de mejorar la calidad de vida de los morelianos.<\/p>\n<p>El candidato de\u00a0<strong>Andr\u00e9s Manuel L\u00f3pez Obrador<\/strong>\u00a0para Morelia, Ra\u00fal Mor\u00f3n remarc\u00f3 que la capital del estado requiere cambiar la inercia en la soluci\u00f3n de problemas a partir de\u00a0<strong>soluciones innovadoras<\/strong>\u00a0que coordine la acci\u00f3n del gobierno local y en la que participen la academia, la iniciativa privada y la ciudadan\u00eda, sustentados en la planeaci\u00f3n, el conocimiento y la creatividad.<\/p>\n<p>Mor\u00f3n Orozco remarc\u00f3 que se fomentar\u00e1 no s\u00f3lo la participaci\u00f3n de los j\u00f3venes en la construcci\u00f3n de la\u00a0<strong>agenda p\u00fablica<\/strong>, sino que tambi\u00e9n se promover\u00e1 el emprendurismo digital, con cl\u00fasteres de innovaci\u00f3n, generaci\u00f3n de APP\u2019s y\u00a0<strong>becas<\/strong>para el estudio de carreras no s\u00f3lo que sean afines a la nueva era del conocimiento, para impulsar que estas ayuden a enriquecer las pol\u00edticas p\u00fablicas.<\/p>\n","protected":false},"excerpt":{"rendered":"<p>El candidato busca impulsar un programa estrella para j\u00f3venes, en el que la tecnolog\u00eda y la innovaci\u00f3n contribuir\u00e1n para alcanzar las grandes metas de desarrollo Morelia, Michoac\u00e1n.- Para garantizar el\u00a0derecho a la informaci\u00f3n, el acceso a Internet y la conectividad para alcanzar el desarrollo integral de Morelia, donde la participaci\u00f3n de los j\u00f3venes sea un [&hellip;]<\/p>\n","protected":false},"author":2,"featured_media":53986,"comment_status":"closed","ping_status":"closed","sticky":false,"template":"","format":"standard","meta":{"footnotes":""},"categories":[14,90],"tags":[],"class_list":["post-53985","post","type-post","status-publish","format-standard","has-post-thumbnail","hentry","category-destacadas","category-elecciones-2018"],"_links":{"self":[{"href":"https:\/\/radiowebmx.com\/nota\/wp-json\/wp\/v2\/posts\/53985","targetHints":{"allow":["GET"]}}],"collection":[{"href":"https:\/\/radiowebmx.com\/nota\/wp-json\/wp\/v2\/posts"}],"about":[{"href":"https:\/\/radiowebmx.com\/nota\/wp-json\/wp\/v2\/types\/post"}],"author":[{"embeddable":true,"href":"https:\/\/radiowebmx.com\/nota\/wp-json\/wp\/v2\/users\/2"}],"replies":[{"embeddable":true,"href":"https:\/\/radiowebmx.com\/nota\/wp-json\/wp\/v2\/comments?post=53985"}],"version-history":[{"count":1,"href":"https:\/\/radiowebmx.com\/nota\/wp-json\/wp\/v2\/posts\/53985\/revisions"}],"predecessor-version":[{"id":53987,"href":"https:\/\/radiowebmx.com\/nota\/wp-json\/wp\/v2\/posts\/53985\/revisions\/53987"}],"wp:featuredmedia":[{"embeddable":true,"href":"https:\/\/radiowebmx.com\/nota\/wp-json\/wp\/v2\/media\/53986"}],"wp:attachment":[{"href":"https:\/\/radiowebmx.com\/nota\/wp-json\/wp\/v2\/media?parent=53985"}],"wp:term":[{"taxonomy":"category","embeddable":true,"href":"https:\/\/radiowebmx.com\/nota\/wp-json\/wp\/v2\/categories?post=53985"},{"taxonomy":"post_tag","embeddable":true,"href":"https:\/\/radiowebmx.com\/nota\/wp-json\/wp\/v2\/tags?post=53985"}],"curies":[{"name":"wp","href":"https:\/\/api.w.org\/{rel}","templated":true}]}}