{"id":53982,"date":"2018-06-07T13:18:48","date_gmt":"2018-06-07T18:18:48","guid":{"rendered":"https:\/\/radiowebmx.com\/nota\/?p=53982"},"modified":"2018-06-07T13:18:48","modified_gmt":"2018-06-07T18:18:48","slug":"jovenes-de-la-unid-reciben-propuestas-de-cocoa-calderon-con-gran-aceptacion","status":"publish","type":"post","link":"https:\/\/radiowebmx.com\/nota\/jovenes-de-la-unid-reciben-propuestas-de-cocoa-calderon-con-gran-aceptacion\/","title":{"rendered":"J\u00f3venes de la UNID reciben propuestas de Cocoa Calder\u00f3n con gran aceptaci\u00f3n."},"content":{"rendered":"<p><img loading=\"lazy\" decoding=\"async\" class=\"\" src=\"https:\/\/attachment.outlook.live.net\/owa\/ultrapolitica@hotmail.com\/service.svc\/s\/GetAttachmentThumbnail?id=AQMkADAwATYwMAItODMyNi00ODU0LTAwAi0wMAoARgAAA5HawHgQuq9DrqMPu%2BRLC5sHANRV7lYdW%2FpNtd2j%2BEW2swoAAAIBDAAAANRV7lYdW%2FpNtd2j%2BEW2swoAAnFiD24AAAABEgAQADK6f0vH1UVBmNky0Pn%2BYkA%3D&amp;thumbnailType=2&amp;X-OWA-CANARY=UTG7bKC8fU-BaDMyHMQ1f2BWwuWizNUY-4T0rh35iY6Xu5h6jjBk8w2aFgAZqhGDXwLjkyqhyWM.&amp;token=eyJhbGciOiJSUzI1NiIsImtpZCI6IjA2MDBGOUY2NzQ2MjA3MzdFNzM0MDRFMjg3QzQ1QTgxOENCN0NFQjgiLCJ4NXQiOiJCZ0Q1OW5SaUJ6Zm5OQVRpaDhSYWdZeTN6cmciLCJ0eXAiOiJKV1QifQ.eyJ2ZXIiOiJFeGNoYW5nZS5DYWxsYmFjay5WMSIsImFwcGN0eHNlbmRlciI6Ik93YURvd25sb2FkQDg0ZGY5ZTdmLWU5ZjYtNDBhZi1iNDM1LWFhYWFhYWFhYWFhYSIsImFwcGN0eCI6IntcIm1zZXhjaHByb3RcIjpcIm93YVwiLFwicHJpbWFyeXNpZFwiOlwiUy0xLTI4MjctMzkzMjE2LTIyMDAzMjQxODBcIixcInB1aWRcIjpcIjE2ODg4NTIwNjA1ODgxMTZcIixcIm9pZFwiOlwiMDAwNjAwMDAtODMyNi00ODU0LTAwMDAtMDAwMDAwMDAwMDAwXCIsXCJzY29wZVwiOlwiT3dhRG93bmxvYWRcIn0iLCJuYmYiOjE1MjgzOTUxNzUsImV4cCI6MTUyODM5NTc3NSwiaXNzIjoiMDAwMDAwMDItMDAwMC0wZmYxLWNlMDAtMDAwMDAwMDAwMDAwQDg0ZGY5ZTdmLWU5ZjYtNDBhZi1iNDM1LWFhYWFhYWFhYWFhYSIsImF1ZCI6IjAwMDAwMDAyLTAwMDAtMGZmMS1jZTAwLTAwMDAwMDAwMDAwMC9hdHRhY2htZW50Lm91dGxvb2subGl2ZS5uZXRAODRkZjllN2YtZTlmNi00MGFmLWI0MzUtYWFhYWFhYWFhYWFhIn0.PrEELoqzmBHlUwqoffwe30AwYRM6gHy3g6S8QaLibnwBpkK678H9wu0FgVz6VQslq3qPUB0NZbe6lh_BMOmoV0jKA3vJvx4JhDwvKDim6gWfFPW7BalsGA1AiJiHUlBMtxDd2yhC-aHd_3koLLOBw8iqGYlbkeVql-IEW2xktuGUEjDbFx6PhYN88fJ1NqezwKze-VPZXPDmfRSLVFsiWrVsQPZdomflsMFAfUakOwUTEnrHLv3kwwgFE8cKnJU19V3S2EVP9ZLLpneYyy7SyGSmli980Bf0PEoAUfO7bZlX69op6drejqaXBfEM67lYI8XEhcK6os04jyFzsrsSRQ&amp;owa=outlook.live.com&amp;isc=1\" width=\"399\" height=\"266\" \/><\/p>\n<ul>\n<li class=\"x_MsoNormal\"><strong>Se\u00a0comprometi\u00f3\u00a0a trabajar para generar mejores oportunidades laborales y\u00a0\u00a0apoyar a quienes quieran\u00a0emprender\u00a0un negocio.\u00a0<\/strong><\/li>\n<\/ul>\n<p class=\"x_MsoNormal\"><i>Morelia, Michoac\u00e1n a 07 de junio de 2018.-\u00a0<\/i>Ante un auditorio lleno de Universitarios de distintas carreras, la candidata independiente por la Diputaci\u00f3n Federal, Luisa Mar\u00eda Calder\u00f3n \u201cCocoa\u201d present\u00f3 su plataforma de propuestas de campa\u00f1a ante j\u00f3venes de la Universidad Interamericana para el Desarrollo (UNID) ah\u00ed se comprometi\u00f3 a trabajar para generar mejores oportunidades laborales y\u00a0\u00a0apoyar a quienes quieran emprender un negocio, as\u00ed como seguir impulsando el proyecto \u201cJ\u00f3venes con Iniciativa\u201d que ha sido una incubadora de ideas legislativas que la candidata ha impulsado.<\/p>\n<p class=\"x_MsoNormal\">Como parte del \u201cForo electoral\u201d convocado por la UNID a todos los candidatos que participan por un cargo de elecci\u00f3n, esta ma\u00f1ana la Candidata Independiente present\u00f3 a los j\u00f3venes sus seis ejes de campa\u00f1a, as\u00ed mismo, en una din\u00e1mica de preguntas y respuestas a la que son sometidos todos los candidatos, Calder\u00f3n Hinojosa fue cuestionada sobre diversos temas, desde los pol\u00edticos hasta los que tienen que ver con sus propuestas espec\u00edficas para los j\u00f3venes.<\/p>\n<p class=\"x_MsoNormal\">De esta manera, durante su participaci\u00f3n resalt\u00f3 que ha mantenido un compromiso constante con los j\u00f3venes y en este sentido asegur\u00f3 que seguir\u00e1 impulsando espacios para la participaci\u00f3n de j\u00f3venes, adem\u00e1s de generar las condiciones para que los j\u00f3venes encuentren oportunidades de emprendiemiento \u201c he propuesto que ganando las elecciones del primero de julio, har\u00e9 de mi casa de enlace legislativo una Incubadora para j\u00f3venes emprendedores y un taller de oficios para adultos; quiero que ustedes se atrevan a so\u00f1ar y hacer sus sue\u00f1os realidad, decirles que en m\u00ed tiene a una amiga y pr\u00f3xima diputada federal que los apoyar\u00e1\u201d<\/p>\n<p class=\"x_MsoNormal\">Luego de recordar que el proyecto \u201cJ\u00f3venes con Iniciativa\u201d ha sido un \u00e9xito resalt\u00f3 \u201ccada a\u00f1o tenemos m\u00e1s y m\u00e1s j\u00f3venes que se suman al proyecto, y eso me llena mucho de entusiasmo, porque yo no creo que los j\u00f3venes no quieran participar en la pol\u00edtica; al contrario, yo creo que lo que no se ha hecho es generar espacios atractivos para ustedes, espacios reales, pero sobre todo oportunidades donde ustedes vean plasmadas sus ideas y que estas tengan un impacto en la sociedad, hoy les quiero decir que quiero seguir apoy\u00e1ndolos, y quiero que se sumen a este esfuerzo, porque cuando yo gane volver\u00e9 aqu\u00ed a pedirles que nos vigilen, a pedirles que nos pidan cuentas y que acompa\u00f1en mi trabajo legislativo desde el Congreso de la Uni\u00f3n\u201d finaliz\u00f3.<\/p>\n<p>&nbsp;<\/p>\n<p><img loading=\"lazy\" decoding=\"async\" class=\"\" src=\"https:\/\/attachment.outlook.live.net\/owa\/ultrapolitica@hotmail.com\/service.svc\/s\/GetFileAttachment?id=AQMkADAwATYwMAItODMyNi00ODU0LTAwAi0wMAoARgAAA5HawHgQuq9DrqMPu%2BRLC5sHANRV7lYdW%2FpNtd2j%2BEW2swoAAAIBDAAAANRV7lYdW%2FpNtd2j%2BEW2swoAAnFiD24AAAABEgAQAMZSnheQKtFGmTPhWF1YXzY%3D&amp;X-OWA-CANARY=BQ3ukizFB0Wl36wIbXeM0WDhhteizNUYOyMs1gx_NnPTAzZ-iG4dZJZy54J_o7r0FNryNj9QSfs.&amp;token=eyJhbGciOiJSUzI1NiIsImtpZCI6IjA2MDBGOUY2NzQ2MjA3MzdFNzM0MDRFMjg3QzQ1QTgxOENCN0NFQjgiLCJ4NXQiOiJCZ0Q1OW5SaUJ6Zm5OQVRpaDhSYWdZeTN6cmciLCJ0eXAiOiJKV1QifQ.eyJ2ZXIiOiJFeGNoYW5nZS5DYWxsYmFjay5WMSIsImFwcGN0eHNlbmRlciI6Ik93YURvd25sb2FkQDg0ZGY5ZTdmLWU5ZjYtNDBhZi1iNDM1LWFhYWFhYWFhYWFhYSIsImFwcGN0eCI6IntcIm1zZXhjaHByb3RcIjpcIm93YVwiLFwicHJpbWFyeXNpZFwiOlwiUy0xLTI4MjctMzkzMjE2LTIyMDAzMjQxODBcIixcInB1aWRcIjpcIjE2ODg4NTIwNjA1ODgxMTZcIixcIm9pZFwiOlwiMDAwNjAwMDAtODMyNi00ODU0LTAwMDAtMDAwMDAwMDAwMDAwXCIsXCJzY29wZVwiOlwiT3dhRG93bmxvYWRcIn0iLCJuYmYiOjE1MjgzOTUxNzUsImV4cCI6MTUyODM5NTc3NSwiaXNzIjoiMDAwMDAwMDItMDAwMC0wZmYxLWNlMDAtMDAwMDAwMDAwMDAwQDg0ZGY5ZTdmLWU5ZjYtNDBhZi1iNDM1LWFhYWFhYWFhYWFhYSIsImF1ZCI6IjAwMDAwMDAyLTAwMDAtMGZmMS1jZTAwLTAwMDAwMDAwMDAwMC9hdHRhY2htZW50Lm91dGxvb2subGl2ZS5uZXRAODRkZjllN2YtZTlmNi00MGFmLWI0MzUtYWFhYWFhYWFhYWFhIn0.PrEELoqzmBHlUwqoffwe30AwYRM6gHy3g6S8QaLibnwBpkK678H9wu0FgVz6VQslq3qPUB0NZbe6lh_BMOmoV0jKA3vJvx4JhDwvKDim6gWfFPW7BalsGA1AiJiHUlBMtxDd2yhC-aHd_3koLLOBw8iqGYlbkeVql-IEW2xktuGUEjDbFx6PhYN88fJ1NqezwKze-VPZXPDmfRSLVFsiWrVsQPZdomflsMFAfUakOwUTEnrHLv3kwwgFE8cKnJU19V3S2EVP9ZLLpneYyy7SyGSmli980Bf0PEoAUfO7bZlX69op6drejqaXBfEM67lYI8XEhcK6os04jyFzsrsSRQ&amp;owa=outlook.live.com&amp;isc=1&amp;isImagePreview=True\" width=\"401\" height=\"267\" \/><\/p>\n","protected":false},"excerpt":{"rendered":"<p>Se\u00a0comprometi\u00f3\u00a0a trabajar para generar mejores oportunidades laborales y\u00a0\u00a0apoyar a quienes quieran\u00a0emprender\u00a0un negocio.\u00a0 Morelia, Michoac\u00e1n a 07 de junio de 2018.-\u00a0Ante un auditorio lleno de Universitarios de distintas carreras, la candidata independiente por la Diputaci\u00f3n Federal, Luisa Mar\u00eda Calder\u00f3n \u201cCocoa\u201d present\u00f3 su plataforma de propuestas de campa\u00f1a ante j\u00f3venes de la Universidad Interamericana para el Desarrollo [&hellip;]<\/p>\n","protected":false},"author":2,"featured_media":53983,"comment_status":"closed","ping_status":"closed","sticky":false,"template":"","format":"standard","meta":{"footnotes":""},"categories":[14,90],"tags":[],"class_list":["post-53982","post","type-post","status-publish","format-standard","has-post-thumbnail","hentry","category-destacadas","category-elecciones-2018"],"_links":{"self":[{"href":"https:\/\/radiowebmx.com\/nota\/wp-json\/wp\/v2\/posts\/53982","targetHints":{"allow":["GET"]}}],"collection":[{"href":"https:\/\/radiowebmx.com\/nota\/wp-json\/wp\/v2\/posts"}],"about":[{"href":"https:\/\/radiowebmx.com\/nota\/wp-json\/wp\/v2\/types\/post"}],"author":[{"embeddable":true,"href":"https:\/\/radiowebmx.com\/nota\/wp-json\/wp\/v2\/users\/2"}],"replies":[{"embeddable":true,"href":"https:\/\/radiowebmx.com\/nota\/wp-json\/wp\/v2\/comments?post=53982"}],"version-history":[{"count":1,"href":"https:\/\/radiowebmx.com\/nota\/wp-json\/wp\/v2\/posts\/53982\/revisions"}],"predecessor-version":[{"id":53984,"href":"https:\/\/radiowebmx.com\/nota\/wp-json\/wp\/v2\/posts\/53982\/revisions\/53984"}],"wp:featuredmedia":[{"embeddable":true,"href":"https:\/\/radiowebmx.com\/nota\/wp-json\/wp\/v2\/media\/53983"}],"wp:attachment":[{"href":"https:\/\/radiowebmx.com\/nota\/wp-json\/wp\/v2\/media?parent=53982"}],"wp:term":[{"taxonomy":"category","embeddable":true,"href":"https:\/\/radiowebmx.com\/nota\/wp-json\/wp\/v2\/categories?post=53982"},{"taxonomy":"post_tag","embeddable":true,"href":"https:\/\/radiowebmx.com\/nota\/wp-json\/wp\/v2\/tags?post=53982"}],"curies":[{"name":"wp","href":"https:\/\/api.w.org\/{rel}","templated":true}]}}