{"id":53976,"date":"2018-06-06T20:13:37","date_gmt":"2018-06-07T01:13:37","guid":{"rendered":"https:\/\/radiowebmx.com\/nota\/?p=53976"},"modified":"2018-06-07T11:51:43","modified_gmt":"2018-06-07T16:51:43","slug":"constantino-el-adulto-mayor-dara-el-empuje-a-morelia-mediante-un-programa-de-inclusion-al-desarrollo","status":"publish","type":"post","link":"https:\/\/radiowebmx.com\/nota\/constantino-el-adulto-mayor-dara-el-empuje-a-morelia-mediante-un-programa-de-inclusion-al-desarrollo\/","title":{"rendered":"Constantino: El Adulto Mayor dar\u00e1 el empuje a Morelia,  mediante un programa de inclusi\u00f3n al desarrollo"},"content":{"rendered":"<p><img loading=\"lazy\" decoding=\"async\" class=\"\" src=\"https:\/\/attachment.outlook.live.net\/owa\/ultrapolitica@hotmail.com\/service.svc\/s\/GetAttachmentThumbnail?id=AQMkADAwATYwMAItODMyNi00ODU0LTAwAi0wMAoARgAAA5HawHgQuq9DrqMPu%2BRLC5sHANRV7lYdW%2FpNtd2j%2BEW2swoAAAIBDAAAANRV7lYdW%2FpNtd2j%2BEW2swoAAnAOxuAAAAABEgAQANgyh3OknC9GgT7dp24BmJY%3D&amp;thumbnailType=2&amp;X-OWA-CANARY=JW70EQ8ZRk6HKgwzk6y8J8C1VbiWzNUYR5VHm-v-LdqxGq8b4jCQpFdNhgB-sITFlpkuPMVSMwM.&amp;token=eyJhbGciOiJSUzI1NiIsImtpZCI6IjA2MDBGOUY2NzQ2MjA3MzdFNzM0MDRFMjg3QzQ1QTgxOENCN0NFQjgiLCJ4NXQiOiJCZ0Q1OW5SaUJ6Zm5OQVRpaDhSYWdZeTN6cmciLCJ0eXAiOiJKV1QifQ.eyJ2ZXIiOiJFeGNoYW5nZS5DYWxsYmFjay5WMSIsImFwcGN0eHNlbmRlciI6Ik93YURvd25sb2FkQDg0ZGY5ZTdmLWU5ZjYtNDBhZi1iNDM1LWFhYWFhYWFhYWFhYSIsImFwcGN0eCI6IntcIm1zZXhjaHByb3RcIjpcIm93YVwiLFwicHJpbWFyeXNpZFwiOlwiUy0xLTI4MjctMzkzMjE2LTIyMDAzMjQxODBcIixcInB1aWRcIjpcIjE2ODg4NTIwNjA1ODgxMTZcIixcIm9pZFwiOlwiMDAwNjAwMDAtODMyNi00ODU0LTAwMDAtMDAwMDAwMDAwMDAwXCIsXCJzY29wZVwiOlwiT3dhRG93bmxvYWRcIn0iLCJuYmYiOjE1MjgzOTAwNzUsImV4cCI6MTUyODM5MDY3NSwiaXNzIjoiMDAwMDAwMDItMDAwMC0wZmYxLWNlMDAtMDAwMDAwMDAwMDAwQDg0ZGY5ZTdmLWU5ZjYtNDBhZi1iNDM1LWFhYWFhYWFhYWFhYSIsImF1ZCI6IjAwMDAwMDAyLTAwMDAtMGZmMS1jZTAwLTAwMDAwMDAwMDAwMC9hdHRhY2htZW50Lm91dGxvb2subGl2ZS5uZXRAODRkZjllN2YtZTlmNi00MGFmLWI0MzUtYWFhYWFhYWFhYWFhIn0.ghrPivo7jCvxJz1uWV7GvwsSi8LAF9IcxDdouoRyWCMie4qztCQypIFmlBkLS6xvwPvyYWpMbdQDz1XJ5ap-IP2KKQ95MLmdwQ2XDo084I1JBSGr1BBp_phUrquB0T9FofMsNu9m93VWadPSfokHnu0m6tnOpasaeafjKWQ83nJf6KH96YbRjffKALtERWZd6ULVSf0tsC-KP8p1E4TiBatVXsCavkWNS_WI-SW6MZabfQMdT2JdyLFTKZ4S-ZF9oEfV3G7v58ASp8YUzb2h_uI-glUDopGJ8ISaOARqFKR10rn3poYDZckv_Bt0n0GVNU55m7v7o_es5ck2HWFTww&amp;owa=outlook.live.com&amp;isc=1\" width=\"401\" height=\"267\" \/><\/p>\n<p>&nbsp;<\/p>\n<p><span style=\"font-family: Calibri;\"><span style=\"font-size: medium;\"><span style=\"color: #000000;\">El candidato del Partido Verde Ecologista de M\u00e9xico (PVEM) por la Presidencia de Morelia, Constantino Ortiz, inform\u00f3 que el adulto mayor tiene mucho que aportar al municipio, por lo que su proyecto de gobierno los contempla en un programa de inclusi\u00f3n al desarrollo, as\u00ed como en el compromiso de gestionar e impulsar que se instale aqu\u00ed una Unidad Regional de Geriatr\u00eda del Seguro Social.\u00a0\u00a0\u00a0\u00a0<\/span><\/span><\/span><\/p>\n<p><span style=\"color: #000000; font-family: Calibri; font-size: medium;\">Invitado por los jubilados y pensionados del Instituto Mexicano del Seguro Social (IMSS), introdujo que ellos \u201crepresentan la experiencia, el ejemplo en el trabajo, la constancia y la dedicaci\u00f3n en cada uno de los trabajos y ocupaciones que desarrollaron\u201d, por eso, en la planilla que encabeza bajo el lema \u201cT\u00fa decides el cambio\u201d hay un candidato a Regidor \u201cque los representa y que ser\u00e1 la voz garante cuando yo sea el presidente municipal, es Valent\u00edn Roa\u201d, quien adem\u00e1s es miembro de esta organizaci\u00f3n.<\/span><\/p>\n<p><span style=\"font-family: Calibri;\"><span style=\"font-size: medium;\"><span style=\"color: #000000;\">\u00c9l, continu\u00f3, estructurar\u00e1 \u201cun verdadero programa de ayuda a los adultos mayores, para que se integren a los aspectos que los ha dejado fuera la administraci\u00f3n municipal\u201d, de lo que anticip\u00f3 \u201cimpulsaremos la gesti\u00f3n desde el ayuntamiento para la instalaci\u00f3n de una Unidad Regional de Geriatr\u00eda del Seguro Social, para que tengan un verdadero acceso a la salud\u201d.\u00a0\u00a0<\/span><\/span><\/span><\/p>\n<p><span style=\"font-family: Calibri;\"><span style=\"font-size: medium;\"><span style=\"color: #000000;\">Agreg\u00f3 que \u201cvamos a hacer un programa de inclusi\u00f3n al desarrollo de los Adulto Mayor, porque a\u00fan cuando est\u00e1n pensionados y jubilados, tiene mucho que aportar al desarrollo, la juventud necesita de su experiencia; tienen que darle a Morelia el empuje que necesita\u201d.\u00a0\u00a0<\/span><\/span><\/span><\/p>\n<p><span style=\"color: #000000; font-family: Calibri; font-size: medium;\">Tambi\u00e9n, anticip\u00f3, \u201cvamos a crear el Instituto Municipal del Adulto Mayor, desde donde se gestionar\u00e1n los recursos internacionales, no solamente los de la federaci\u00f3n, ya que por la experiencia internacional que he tenido, sabemos que hay fuertes apoyos a fondo perdido para impulsar proyectos que incluyen al adulto mayor\u201d.<\/span><\/p>\n<p><span style=\"color: #000000; font-family: Calibri; font-size: medium;\">Igualmente, sigui\u00f3, se conformar\u00e1 la Casa del Adulto Mayor, \u201cen la que haya una cl\u00ednica que atienda sus necesidades b\u00e1sicas, es decir, que haya terapias, espacios de esparcimiento y otros servicios indispensables\u201d.<\/span><\/p>\n<p><span style=\"color: #000000; font-family: Calibri; font-size: medium;\">Desde el \u00e1mbito laboral, tambi\u00e9n expuso que \u201cimpulsar\u00e9 decididamente el apoyo a los adultos mayores, porque hemos visto que las posibilidades laborales disminuyen desde los 35 a\u00f1os de edad\u201d, donde aprovech\u00f3 para compartirles que \u201csoy el \u00fanico que no he ocupado un cargo p\u00fablico, sino que tengo m\u00e1s de 30 a\u00f1os trabajando por mi cuenta y s\u00e9 c\u00f3mo generar incentivos para que vuelvan las empresas y la inversi\u00f3n a Morelia, as\u00ed como generar los incentivos fiscales para que los contraten\u201d.<\/span><\/p>\n<p><span style=\"color: #000000; font-family: Calibri; font-size: medium;\">El candidato con formaci\u00f3n empresarial concluy\u00f3 que \u201ctengo un gran respeto por ustedes, porque s\u00e9 la importancia que tienen para el municipio\u201d, por ello, extern\u00f3 que en este proceso electoral, los morelianos tienen 2 opciones \u201ctodos los dem\u00e1s candidatos que son lo mismo de siempre o yo, que soy una opci\u00f3n distintas\u201d.<\/span><\/p>\n","protected":false},"excerpt":{"rendered":"<p>&nbsp; El candidato del Partido Verde Ecologista de M\u00e9xico (PVEM) por la Presidencia de Morelia, Constantino Ortiz, inform\u00f3 que el adulto mayor tiene mucho que aportar al municipio, por lo que su proyecto de gobierno los contempla en un programa de inclusi\u00f3n al desarrollo, as\u00ed como en el compromiso de gestionar e impulsar que se [&hellip;]<\/p>\n","protected":false},"author":2,"featured_media":53977,"comment_status":"closed","ping_status":"closed","sticky":false,"template":"","format":"standard","meta":{"footnotes":""},"categories":[14,90],"tags":[],"class_list":["post-53976","post","type-post","status-publish","format-standard","has-post-thumbnail","hentry","category-destacadas","category-elecciones-2018"],"_links":{"self":[{"href":"https:\/\/radiowebmx.com\/nota\/wp-json\/wp\/v2\/posts\/53976","targetHints":{"allow":["GET"]}}],"collection":[{"href":"https:\/\/radiowebmx.com\/nota\/wp-json\/wp\/v2\/posts"}],"about":[{"href":"https:\/\/radiowebmx.com\/nota\/wp-json\/wp\/v2\/types\/post"}],"author":[{"embeddable":true,"href":"https:\/\/radiowebmx.com\/nota\/wp-json\/wp\/v2\/users\/2"}],"replies":[{"embeddable":true,"href":"https:\/\/radiowebmx.com\/nota\/wp-json\/wp\/v2\/comments?post=53976"}],"version-history":[{"count":1,"href":"https:\/\/radiowebmx.com\/nota\/wp-json\/wp\/v2\/posts\/53976\/revisions"}],"predecessor-version":[{"id":53978,"href":"https:\/\/radiowebmx.com\/nota\/wp-json\/wp\/v2\/posts\/53976\/revisions\/53978"}],"wp:featuredmedia":[{"embeddable":true,"href":"https:\/\/radiowebmx.com\/nota\/wp-json\/wp\/v2\/media\/53977"}],"wp:attachment":[{"href":"https:\/\/radiowebmx.com\/nota\/wp-json\/wp\/v2\/media?parent=53976"}],"wp:term":[{"taxonomy":"category","embeddable":true,"href":"https:\/\/radiowebmx.com\/nota\/wp-json\/wp\/v2\/categories?post=53976"},{"taxonomy":"post_tag","embeddable":true,"href":"https:\/\/radiowebmx.com\/nota\/wp-json\/wp\/v2\/tags?post=53976"}],"curies":[{"name":"wp","href":"https:\/\/api.w.org\/{rel}","templated":true}]}}