{"id":53973,"date":"2018-06-07T10:48:09","date_gmt":"2018-06-07T15:48:09","guid":{"rendered":"https:\/\/radiowebmx.com\/nota\/?p=53973"},"modified":"2018-06-07T11:49:06","modified_gmt":"2018-06-07T16:49:06","slug":"solicitan-aplicar-protocolo-de-atencion-a-violencia-politica-contra-la-mujer","status":"publish","type":"post","link":"https:\/\/radiowebmx.com\/nota\/solicitan-aplicar-protocolo-de-atencion-a-violencia-politica-contra-la-mujer\/","title":{"rendered":"Solicitan aplicar protocolo de atenci\u00f3n a violencia pol\u00edtica contra la mujer"},"content":{"rendered":"<p class=\"x_gmail-MsoListParagraph\"><strong>\u00b7\u00a0\u00a0\u00a0\u00a0\u00a0\u00a0\u00a0\u00a0\u00a0Socorro Quintana confi\u00f3 en que se implementen estos mecanismos de manera oportuna<\/strong><\/p>\n<p class=\"x_MsoNormal\"><b>Morelia; Michoac\u00e1n, 7 de junio de 2018<\/b>.- El Congreso de Michoac\u00e1n aprob\u00f3 el Punto de Acuerdo de urgente y obvia resoluci\u00f3n que present\u00f3 la diputada local, Socorro Quintana Le\u00f3n, donde solicita a las instituciones estatales competentes, apliquen oportunamente el protocolo de atenci\u00f3n a la violencia pol\u00edtica en contra de la mujer en lo que resta del proceso electoral 2018.<\/p>\n<p class=\"x_MsoNormal\">En este sentido, Quintana Le\u00f3n, manifest\u00f3 que se ha aparecido de manera importante la descalificaci\u00f3n y menosprecio de las mujeres que, con todo el talento y valent\u00eda, ahora contienden por un cargo de elecci\u00f3n popular y no se ha emprendido ninguna acci\u00f3n de fondo para evitar este tipo de violencia.<\/p>\n<p class=\"x_MsoNormal\">Por ello, mencion\u00f3, \u201cEs fundamental que los trabajos para facilitar el desarrollo del g\u00e9nero femenino no se detengan pues ello significa el desarrollo de la misma sociedad\u201d.<\/p>\n<p class=\"x_MsoNormal\">Quintana Le\u00f3n agreg\u00f3 que los diferentes institutos pol\u00edticos deben participar m\u00e1s desde el interior de sus partidos y realizar trabajos en conjunto con el Observatorio de Participaci\u00f3n Pol\u00edtica de la Mujer, para dar seguimiento a los mismos.<\/p>\n<p class=\"x_MsoNormal\">Finalmente, invit\u00f3 a que quienes sufren este tipo de discriminaci\u00f3n se acerquen, denuncien y juntos se logre castigar a los actores correspondientes.<\/p>\n","protected":false},"excerpt":{"rendered":"<p>\u00b7\u00a0\u00a0\u00a0\u00a0\u00a0\u00a0\u00a0\u00a0\u00a0Socorro Quintana confi\u00f3 en que se implementen estos mecanismos de manera oportuna Morelia; Michoac\u00e1n, 7 de junio de 2018.- El Congreso de Michoac\u00e1n aprob\u00f3 el Punto de Acuerdo de urgente y obvia resoluci\u00f3n que present\u00f3 la diputada local, Socorro Quintana Le\u00f3n, donde solicita a las instituciones estatales competentes, apliquen oportunamente el protocolo de atenci\u00f3n a [&hellip;]<\/p>\n","protected":false},"author":2,"featured_media":53974,"comment_status":"closed","ping_status":"closed","sticky":false,"template":"","format":"standard","meta":{"footnotes":""},"categories":[6,14],"tags":[],"class_list":["post-53973","post","type-post","status-publish","format-standard","has-post-thumbnail","hentry","category-congreso-del-estado","category-destacadas"],"_links":{"self":[{"href":"https:\/\/radiowebmx.com\/nota\/wp-json\/wp\/v2\/posts\/53973","targetHints":{"allow":["GET"]}}],"collection":[{"href":"https:\/\/radiowebmx.com\/nota\/wp-json\/wp\/v2\/posts"}],"about":[{"href":"https:\/\/radiowebmx.com\/nota\/wp-json\/wp\/v2\/types\/post"}],"author":[{"embeddable":true,"href":"https:\/\/radiowebmx.com\/nota\/wp-json\/wp\/v2\/users\/2"}],"replies":[{"embeddable":true,"href":"https:\/\/radiowebmx.com\/nota\/wp-json\/wp\/v2\/comments?post=53973"}],"version-history":[{"count":1,"href":"https:\/\/radiowebmx.com\/nota\/wp-json\/wp\/v2\/posts\/53973\/revisions"}],"predecessor-version":[{"id":53975,"href":"https:\/\/radiowebmx.com\/nota\/wp-json\/wp\/v2\/posts\/53973\/revisions\/53975"}],"wp:featuredmedia":[{"embeddable":true,"href":"https:\/\/radiowebmx.com\/nota\/wp-json\/wp\/v2\/media\/53974"}],"wp:attachment":[{"href":"https:\/\/radiowebmx.com\/nota\/wp-json\/wp\/v2\/media?parent=53973"}],"wp:term":[{"taxonomy":"category","embeddable":true,"href":"https:\/\/radiowebmx.com\/nota\/wp-json\/wp\/v2\/categories?post=53973"},{"taxonomy":"post_tag","embeddable":true,"href":"https:\/\/radiowebmx.com\/nota\/wp-json\/wp\/v2\/tags?post=53973"}],"curies":[{"name":"wp","href":"https:\/\/api.w.org\/{rel}","templated":true}]}}