{"id":53970,"date":"2018-06-07T10:46:59","date_gmt":"2018-06-07T15:46:59","guid":{"rendered":"https:\/\/radiowebmx.com\/nota\/?p=53970"},"modified":"2018-06-07T11:47:54","modified_gmt":"2018-06-07T16:47:54","slug":"elena-osorio-exhorta-a-las-autoridades-a-frenar-violencia-politica-en-el-pais","status":"publish","type":"post","link":"https:\/\/radiowebmx.com\/nota\/elena-osorio-exhorta-a-las-autoridades-a-frenar-violencia-politica-en-el-pais\/","title":{"rendered":"Elena Osorio exhorta a las autoridades a frenar violencia pol\u00edtica en el pa\u00eds"},"content":{"rendered":"<p class=\"x_gmail-MsoListParagraph\"><strong>\u00b7\u00a0\u00a0\u00a0\u00a0\u00a0\u00a0\u00a0\u00a0\u00a0Llama a la sociedad a no ser indiferentes ante los cr\u00edmenes contra pol\u00edticos y funcionarios<\/strong><\/p>\n<p class=\"x_MsoNormal\"><b>Morelia; Michoac\u00e1n, 7 de junio de 2018<\/b>.- A coordinar acciones inmediatas que frenen la violencia pol\u00edtica en este proceso electoral, exhort\u00f3 la diputada Elena Osorio \u00c1lvarez a las autoridades electorales y a los diversos niveles de gobierno, tras subrayar que la violencia frena el desarrollo del pa\u00eds y es un atentado a la democracia, por lo que pidi\u00f3 tambi\u00e9n a los ciudadanos no ser indiferentes ante los cr\u00edmenes contra pol\u00edticos o funcionarios.<\/p>\n<p class=\"x_MsoNormal\">Al hacer uso de la tribuna la diputada integrante del Grupo Parlamentario del Partido de la Revoluci\u00f3n Democr\u00e1tica (PRD), en la LXXIII Legislatura Local, hizo un llamado a que se coordinen esfuerzos entre los distintos niveles de gobierno y autoridades electorales y a que trabajen de la mano en una ruta clara, que ponga freno a este tipo de acontecimientos que vulneran a la democracia y han lastimado a muchas familias que han sido v\u00edctimas de la violencia, adem\u00e1s de lastimar a la sociedad en general.<\/p>\n<p class=\"x_MsoNormal\">La diputada local por el Distrito de Zit\u00e1cuaro refiri\u00f3 que en las \u00faltimas semanas se han registrado sucesos lamentables, lo que representa un retroceso en la democracia de este pa\u00eds. Por lo que remarc\u00f3 se debe garantizar la seguridad para que el ciudadano emita su voto con libertad y tranquilidad.<\/p>\n<p class=\"x_MsoNormal\">\u201cLa creciente tensi\u00f3n generada por la violencia electoral no s\u00f3lo es preocupante o alarmante, sino vergonzante, ya que, en las pasadas elecciones federales del 2015, se registraron 70 agresiones y 20 asesinatos, que en una simple operaci\u00f3n matem\u00e1tica, significa que los ataques de este tipo han aumentado en m\u00e1s de un 400 por ciento respecto a 2018\u201d.<\/p>\n<p class=\"x_MsoNormal\">Elena Osorio hizo menci\u00f3n que el 80 por ciento de los casos de pol\u00edticos que han sido asesinados en este proceso electoral, se presume la participaci\u00f3n del crimen organizado; donde las agresiones se han registrado en 29 de los 32 estados del pa\u00eds.<\/p>\n<p class=\"x_MsoNormal\">\u201cHoy mi preocupaci\u00f3n y mi llamado, es a que las autoridades de los tres niveles de gobierno trabajen coordinadas, a fin de evitar m\u00e1s hechos de violencia en torno al proceso electoral que estamos viviendo; las autoridades no pueden dar ni un solo paso atr\u00e1s, ya que de hacerlo se corre el riesgo de que los delincuentes tomen el control en parte del territorio nacional\u201d.<\/p>\n<p class=\"x_MsoNormal\">Por lo anterior la legisladora local hizo un llamado a cerrar filas para garantizar la paz y la seguridad del proceso electoral, tras recalcar que las autoridades deben establecer las medidas necesarias que garanticen el desarrollo del proceso electoral de manera arm\u00f3nica.<\/p>\n<p class=\"x_MsoNormal\">\u201cLa violencia electoral ha lastimado a las familias de quienes han perdido la vida en estos hechos, a la democracia mexicana, a las instituciones responsables del proceso y sobre todo, est\u00e1n destruyendo las esperanzas democr\u00e1ticas de los ciudadanos\u201d.<\/p>\n<p class=\"x_MsoNormal\">Finalmente llam\u00f3 a la poblaci\u00f3n a no ser indiferentes ante los hechos registrados y sumarnos como sociedad a condenar cualquier acto de violencia.<\/p>\n","protected":false},"excerpt":{"rendered":"<p>\u00b7\u00a0\u00a0\u00a0\u00a0\u00a0\u00a0\u00a0\u00a0\u00a0Llama a la sociedad a no ser indiferentes ante los cr\u00edmenes contra pol\u00edticos y funcionarios Morelia; Michoac\u00e1n, 7 de junio de 2018.- A coordinar acciones inmediatas que frenen la violencia pol\u00edtica en este proceso electoral, exhort\u00f3 la diputada Elena Osorio \u00c1lvarez a las autoridades electorales y a los diversos niveles de gobierno, tras subrayar que [&hellip;]<\/p>\n","protected":false},"author":2,"featured_media":53971,"comment_status":"closed","ping_status":"closed","sticky":false,"template":"","format":"standard","meta":{"footnotes":""},"categories":[6,14],"tags":[],"class_list":["post-53970","post","type-post","status-publish","format-standard","has-post-thumbnail","hentry","category-congreso-del-estado","category-destacadas"],"_links":{"self":[{"href":"https:\/\/radiowebmx.com\/nota\/wp-json\/wp\/v2\/posts\/53970","targetHints":{"allow":["GET"]}}],"collection":[{"href":"https:\/\/radiowebmx.com\/nota\/wp-json\/wp\/v2\/posts"}],"about":[{"href":"https:\/\/radiowebmx.com\/nota\/wp-json\/wp\/v2\/types\/post"}],"author":[{"embeddable":true,"href":"https:\/\/radiowebmx.com\/nota\/wp-json\/wp\/v2\/users\/2"}],"replies":[{"embeddable":true,"href":"https:\/\/radiowebmx.com\/nota\/wp-json\/wp\/v2\/comments?post=53970"}],"version-history":[{"count":1,"href":"https:\/\/radiowebmx.com\/nota\/wp-json\/wp\/v2\/posts\/53970\/revisions"}],"predecessor-version":[{"id":53972,"href":"https:\/\/radiowebmx.com\/nota\/wp-json\/wp\/v2\/posts\/53970\/revisions\/53972"}],"wp:featuredmedia":[{"embeddable":true,"href":"https:\/\/radiowebmx.com\/nota\/wp-json\/wp\/v2\/media\/53971"}],"wp:attachment":[{"href":"https:\/\/radiowebmx.com\/nota\/wp-json\/wp\/v2\/media?parent=53970"}],"wp:term":[{"taxonomy":"category","embeddable":true,"href":"https:\/\/radiowebmx.com\/nota\/wp-json\/wp\/v2\/categories?post=53970"},{"taxonomy":"post_tag","embeddable":true,"href":"https:\/\/radiowebmx.com\/nota\/wp-json\/wp\/v2\/tags?post=53970"}],"curies":[{"name":"wp","href":"https:\/\/api.w.org\/{rel}","templated":true}]}}