{"id":53964,"date":"2018-06-06T10:42:47","date_gmt":"2018-06-06T15:42:47","guid":{"rendered":"https:\/\/radiowebmx.com\/nota\/?p=53964"},"modified":"2018-06-07T11:44:39","modified_gmt":"2018-06-07T16:44:39","slug":"gobierno-con-rostro-humano-compromete-fausto-vallejo-figueroa-a-morelianos","status":"publish","type":"post","link":"https:\/\/radiowebmx.com\/nota\/gobierno-con-rostro-humano-compromete-fausto-vallejo-figueroa-a-morelianos\/","title":{"rendered":"Gobierno con rostro humano, compromete Fausto Vallejo Figueroa a morelianos"},"content":{"rendered":"<p><img loading=\"lazy\" decoding=\"async\" class=\"\" src=\"https:\/\/attachment.outlook.live.net\/owa\/ultrapolitica@hotmail.com\/service.svc\/s\/GetAttachmentThumbnail?id=AQMkADAwATYwMAItODMyNi00ODU0LTAwAi0wMAoARgAAA5HawHgQuq9DrqMPu%2BRLC5sHANRV7lYdW%2FpNtd2j%2BEW2swoAAAIBDAAAANRV7lYdW%2FpNtd2j%2BEW2swoAAnFiD2kAAAABEgAQADwJnLw3zWVFgpkWrtp2juY%3D&amp;thumbnailType=2&amp;X-OWA-CANARY=F69ZElnMKkWTz-CrVAt8dXDgfMeVzNUYkPRlzVm_hKz3j8DrDtUV06ygqU-v5LLgc0x0MqBdhrI.&amp;token=eyJhbGciOiJSUzI1NiIsImtpZCI6IjA2MDBGOUY2NzQ2MjA3MzdFNzM0MDRFMjg3QzQ1QTgxOENCN0NFQjgiLCJ4NXQiOiJCZ0Q1OW5SaUJ6Zm5OQVRpaDhSYWdZeTN6cmciLCJ0eXAiOiJKV1QifQ.eyJ2ZXIiOiJFeGNoYW5nZS5DYWxsYmFjay5WMSIsImFwcGN0eHNlbmRlciI6Ik93YURvd25sb2FkQDg0ZGY5ZTdmLWU5ZjYtNDBhZi1iNDM1LWFhYWFhYWFhYWFhYSIsImFwcGN0eCI6IntcIm1zZXhjaHByb3RcIjpcIm93YVwiLFwicHJpbWFyeXNpZFwiOlwiUy0xLTI4MjctMzkzMjE2LTIyMDAzMjQxODBcIixcInB1aWRcIjpcIjE2ODg4NTIwNjA1ODgxMTZcIixcIm9pZFwiOlwiMDAwNjAwMDAtODMyNi00ODU0LTAwMDAtMDAwMDAwMDAwMDAwXCIsXCJzY29wZVwiOlwiT3dhRG93bmxvYWRcIn0iLCJuYmYiOjE1MjgzODk3NzQsImV4cCI6MTUyODM5MDM3NCwiaXNzIjoiMDAwMDAwMDItMDAwMC0wZmYxLWNlMDAtMDAwMDAwMDAwMDAwQDg0ZGY5ZTdmLWU5ZjYtNDBhZi1iNDM1LWFhYWFhYWFhYWFhYSIsImF1ZCI6IjAwMDAwMDAyLTAwMDAtMGZmMS1jZTAwLTAwMDAwMDAwMDAwMC9hdHRhY2htZW50Lm91dGxvb2subGl2ZS5uZXRAODRkZjllN2YtZTlmNi00MGFmLWI0MzUtYWFhYWFhYWFhYWFhIn0.WS0xiOWHve7DzT1mHbwyLFa5Y4NouH08MjJXwpcJWb3N1-pTYS3QsqieO-a6aqdUk5FOazeWtY0EhRb2v9p0-LehHnWNjHgv3pkf5zdAsWc10q3xVHst4rHXILDZnIFI7i8qY41EbqCskKkSNJDCBXA1f1Un70VCPCNUkKdiX6XU9k_AkCNJFWgT4ouVHhgKDab0hRMSzl5Ys9i1fzb5pNkR-Yi2cRkilstN9lB1P1aunPba2Z1jY6jxSWqgxBKl30UrWDErOI-sEBJmSJ9zkPQL6-uXo-L3847RRUlbLbO6epkSQj4wCwSpHM9XrEw9hQHvMF4LTUqwFBJMCnLVeg&amp;owa=outlook.live.com&amp;isc=1\" width=\"402\" height=\"268\" \/><\/p>\n<p>&nbsp;<\/p>\n<p class=\"x_gmail-MsoNoSpacing\"><strong>\u00b7\u00a0\u00a0\u00a0\u00a0\u00a0\u00a0\u00a0\u00a0\u00a0K\u00ednder \u2018Jos\u00e9 Mar\u00eda Morelos y Pav\u00f3n\u2019, tendr\u00e1 techumbre nueva asegur\u00f3 abanderado del PES<\/strong><\/p>\n<p class=\"x_gmail-MsoNoSpacing\">\n<p class=\"x_gmail-MsoNoSpacing\"><b>Morelia, Mich., a 7 de junio de 2018.-<\/b>\u00a0La participaci\u00f3n de los padres de familia es fundamental para el desarrollo de una sociedad, resalt\u00f3 el candidato a la Presidencia Municipal de Morelia por el Partido Encuentro Social (PES), Fausto Vallejo Figueroa, en un encuentro que sostuvo con docentes y pap\u00e1s del Jard\u00edn de Ni\u00f1os \u2018Jos\u00e9 Mar\u00eda Morelos y Pav\u00f3n\u2019, para conocer sus principales necesidades y establecer compromisos concretos en pro de la educaci\u00f3n.<\/p>\n<p class=\"x_gmail-MsoNoSpacing\">Miembros de la comunidad estudiantil de esta instituci\u00f3n p\u00fablica mostraron su apoyo al cuatro veces alcalde para que regrese al Ayuntamiento capitalino, porque conocen la historia de hechos que lo respalda, en este sentido le solicitaron su apoyo para la construcci\u00f3n de una techumbre en el patio para que los ni\u00f1os puedan desarrollar sus actividades c\u00edvicas y deportivas.<\/p>\n<p class=\"x_gmail-MsoNoSpacing\">De manera particular, la directora de la instituci\u00f3n Leticia Ch\u00e1vez Ram\u00edrez, se\u00f1al\u00f3 que son muchas las necesidades de este k\u00ednder que atiende a ni\u00f1os de la periferia y casas hogar de Morelia con bajos recursos econ\u00f3micos, entre ellas capacitaci\u00f3n laboral para los padres con la finalidad de que sus familias puedan tener una mejor calidad de vida.<\/p>\n<p class=\"x_gmail-MsoNoSpacing\">Por su parte, Vallejo Figueroa felicit\u00f3 la organizaci\u00f3n que tienen en esta instituci\u00f3n y record\u00f3 que el tema de la educaci\u00f3n es facultad de los gobiernos federal y estatal, sin embargo, como en sus anteriores administraciones, la suya no se desentender\u00e1 de este importante sector y continuar\u00e1 con los apoyos para infraestructura y becas educativas.<\/p>\n<p class=\"x_gmail-MsoNoSpacing\">En este sentido, anunci\u00f3 que su gobierno ser\u00e1 de rostro humano, pondr\u00e1 especial atenci\u00f3n a las mam\u00e1s que est\u00e1n al frente del hogar, a las personas adultas mayores y aquellas con alguna discapacidad.<\/p>\n<p class=\"x_gmail-MsoNoSpacing\">Por \u00faltimo, el abanderado del PES anunci\u00f3 que al llegar al frente de la comuna moreliana, este centro educativo tendr\u00e1 la techumbre que tanto ocupan los ni\u00f1os y las puertas del Ayuntamiento estar\u00e1n siempre abiertas, para que los padres de familia expongan sus necesidades.<\/p>\n","protected":false},"excerpt":{"rendered":"<p>&nbsp; \u00b7\u00a0\u00a0\u00a0\u00a0\u00a0\u00a0\u00a0\u00a0\u00a0K\u00ednder \u2018Jos\u00e9 Mar\u00eda Morelos y Pav\u00f3n\u2019, tendr\u00e1 techumbre nueva asegur\u00f3 abanderado del PES Morelia, Mich., a 7 de junio de 2018.-\u00a0La participaci\u00f3n de los padres de familia es fundamental para el desarrollo de una sociedad, resalt\u00f3 el candidato a la Presidencia Municipal de Morelia por el Partido Encuentro Social (PES), Fausto Vallejo Figueroa, en [&hellip;]<\/p>\n","protected":false},"author":2,"featured_media":53965,"comment_status":"closed","ping_status":"closed","sticky":false,"template":"","format":"standard","meta":{"footnotes":""},"categories":[14,90],"tags":[],"class_list":["post-53964","post","type-post","status-publish","format-standard","has-post-thumbnail","hentry","category-destacadas","category-elecciones-2018"],"_links":{"self":[{"href":"https:\/\/radiowebmx.com\/nota\/wp-json\/wp\/v2\/posts\/53964","targetHints":{"allow":["GET"]}}],"collection":[{"href":"https:\/\/radiowebmx.com\/nota\/wp-json\/wp\/v2\/posts"}],"about":[{"href":"https:\/\/radiowebmx.com\/nota\/wp-json\/wp\/v2\/types\/post"}],"author":[{"embeddable":true,"href":"https:\/\/radiowebmx.com\/nota\/wp-json\/wp\/v2\/users\/2"}],"replies":[{"embeddable":true,"href":"https:\/\/radiowebmx.com\/nota\/wp-json\/wp\/v2\/comments?post=53964"}],"version-history":[{"count":1,"href":"https:\/\/radiowebmx.com\/nota\/wp-json\/wp\/v2\/posts\/53964\/revisions"}],"predecessor-version":[{"id":53966,"href":"https:\/\/radiowebmx.com\/nota\/wp-json\/wp\/v2\/posts\/53964\/revisions\/53966"}],"wp:featuredmedia":[{"embeddable":true,"href":"https:\/\/radiowebmx.com\/nota\/wp-json\/wp\/v2\/media\/53965"}],"wp:attachment":[{"href":"https:\/\/radiowebmx.com\/nota\/wp-json\/wp\/v2\/media?parent=53964"}],"wp:term":[{"taxonomy":"category","embeddable":true,"href":"https:\/\/radiowebmx.com\/nota\/wp-json\/wp\/v2\/categories?post=53964"},{"taxonomy":"post_tag","embeddable":true,"href":"https:\/\/radiowebmx.com\/nota\/wp-json\/wp\/v2\/tags?post=53964"}],"curies":[{"name":"wp","href":"https:\/\/api.w.org\/{rel}","templated":true}]}}