{"id":53959,"date":"2018-06-07T09:39:22","date_gmt":"2018-06-07T14:39:22","guid":{"rendered":"https:\/\/radiowebmx.com\/nota\/?p=53959"},"modified":"2018-06-07T11:27:51","modified_gmt":"2018-06-07T16:27:51","slug":"la-experiencia-se-gana-con-el-tiempo-y-con-el-camino-andado-wilfrido-lazaro","status":"publish","type":"post","link":"https:\/\/radiowebmx.com\/nota\/la-experiencia-se-gana-con-el-tiempo-y-con-el-camino-andado-wilfrido-lazaro\/","title":{"rendered":"La experiencia se gana con el tiempo y con el camino andado: Wilfrido L\u00e1zaro"},"content":{"rendered":"<p><img loading=\"lazy\" decoding=\"async\" class=\"\" src=\"https:\/\/attachment.outlook.live.net\/owa\/comgrafic_3@hotmail.com\/service.svc\/s\/GetAttachmentThumbnail?id=AQMkADAwATY0MDABLTgwNTYtZWM3OS0wMAItMDAKAEYAAAPaed1c1j8KT7aURLn6rI5GBwAe15j5sUT3TaISzCRY4uMCAAACAQwAAADomvo5BPcZT7qsxXAm84sCAAAA%2B5DiewAAAAESABAA2gNZ15puJ0K5lqwC0Tyz2A%3D%3D&amp;thumbnailType=2&amp;X-OWA-CANARY=uvkrUEc_Tkmd7kfDI7g07TDnfJ-RzNUYlkWfxhhYlQ0WiXKa5d36Ad6nv4eS3M_vxebuUVsxks0.&amp;token=eyJhbGciOiJSUzI1NiIsImtpZCI6IjA2MDBGOUY2NzQ2MjA3MzdFNzM0MDRFMjg3QzQ1QTgxOENCN0NFQjgiLCJ4NXQiOiJCZ0Q1OW5SaUJ6Zm5OQVRpaDhSYWdZeTN6cmciLCJ0eXAiOiJKV1QifQ.eyJ2ZXIiOiJFeGNoYW5nZS5DYWxsYmFjay5WMSIsImFwcGN0eHNlbmRlciI6Ik93YURvd25sb2FkQDg0ZGY5ZTdmLWU5ZjYtNDBhZi1iNDM1LWFhYWFhYWFhYWFhYSIsImFwcGN0eCI6IntcIm1zZXhjaHByb3RcIjpcIm93YVwiLFwicHJpbWFyeXNpZFwiOlwiUy0xLTI4MjctNDA5NjAwLTIxNTMxODAyODFcIixcInB1aWRcIjpcIjE3NTkyMjA3NTc2MjE4ODFcIixcIm9pZFwiOlwiMDAwNjQwMDAtODA1Ni1lYzc5LTAwMDAtMDAwMDAwMDAwMDAwXCIsXCJzY29wZVwiOlwiT3dhRG93bmxvYWRcIn0iLCJuYmYiOjE1MjgzODc5NzgsImV4cCI6MTUyODM4ODU3OCwiaXNzIjoiMDAwMDAwMDItMDAwMC0wZmYxLWNlMDAtMDAwMDAwMDAwMDAwQDg0ZGY5ZTdmLWU5ZjYtNDBhZi1iNDM1LWFhYWFhYWFhYWFhYSIsImF1ZCI6IjAwMDAwMDAyLTAwMDAtMGZmMS1jZTAwLTAwMDAwMDAwMDAwMC9hdHRhY2htZW50Lm91dGxvb2subGl2ZS5uZXRAODRkZjllN2YtZTlmNi00MGFmLWI0MzUtYWFhYWFhYWFhYWFhIn0.KwD6v_7Dj-sRp8oEDteHSFtkhVXXImiXnCZfWPf2krXiRBCEbvTKuaaZ9g8wvnmcqFarp3towAHv3KoKx9yRI8dgBTxOguUCI0ccXd4Yxs3QHUrBm1aeRzKcI5hZmGREP6xIDi8rHeD2qqLwCo3ECyzWscDWZkj7e0d1UYXCvc8440_AfrY-AQl2bej34a1wKKYIiZstJwFvCse9afmhILR2jTQY0FQoB1aOFMcJTqzbxRA5pzj9i7Dy5FFXYChyVLvqH4QETWtM2D4uL8FC4CSVSSxxuJXUw9ld9VQrQVeGbdaIreqeiZI_Y6wf8pQUrzLPJ90gK8rla222yVXFZw&amp;owa=outlook.live.com&amp;isc=1\" width=\"401\" height=\"267\" \/><\/p>\n<p>&nbsp;<\/p>\n<ul>\n<li><strong>El candidato a diputado federal por el Distrito 08 de Morelia se reuni\u00f3 con jubilados y pensionados, con quienes comparti\u00f3 las propuestas que impulsar\u00e1 desde el Congreso de la Uni\u00f3n a favor de los adultos mayores.<\/strong><\/li>\n<\/ul>\n<p>&nbsp;<\/p>\n<p>&nbsp;<\/p>\n<p>Morelia, Michoac\u00e1n, 06 de junio de 2018.- Pol\u00edticas p\u00fablicas a favor de los adultos mayores para lograr el bienestar de este sector, impulsar\u00e1 Wilfrido L\u00e1zaro Medina, candidato del PRI a diputado federal por el Distrito 08 de Morelia, destac\u00f3 Ruperto Topete Pe\u00f1a, presidente de la Asociaci\u00f3n Civil Edad de la Experiencia y la Felicidad.<\/p>\n<p>Durante un encuentro de esta asociaci\u00f3n de jubilados y pensionados con el candidato, Ruperto Topete se\u00f1al\u00f3 que los adultos mayores necesitan ser escuchados\u200b y atendidos\u200b por las autoridades municipales, estatales y federales.<\/p>\n<p>Por lo anterior, el presidente de la asociaci\u00f3n civil confi\u00f3 en la experiencia de Wilfrido L\u00e1zaro para ocupar un cargo de elecci\u00f3n popular, ya que su trabajo anterior en la legislatura local, as\u00ed como al ser presidente municipal de Morelia son un respaldo de la labor de gesti\u00f3n y acciones que el candidato realizar\u00e1 al llegar Congreso de la Uni\u00f3n.<\/p>\n<p>La se\u00f1ora Josefina Hern\u00e1ndez refiri\u00f3 que es necesario voltear a ver a los adultos mayores, ya que a\u00fan tienen mucho que aportarle a la comunidad, por lo que confi\u00f3 en el trabajo que Wilfrido L\u00e1zaro har\u00e1 desde el Congreso de la Uni\u00f3n en beneficio de ellos.<\/p>\n<p>Wilfrido L\u00e1zaro reconoci\u00f3 la entrega de los adultos mayores y destac\u00f3 que son una parte fundamental del desarrollo de Morelia, ya que mediante la experiencia es como se logra construir una ciudad con m\u00e1s fuerza.<\/p>\n<p>Explic\u00f3 que al llegar al Congreso de la Uni\u00f3n trabajar\u00e1 en la aprobaci\u00f3n de leyes que busquen el bienestar de jubilados y pensionados, as\u00ed como en la gesti\u00f3n de recursos para destinarse a este sector de la poblaci\u00f3n.<\/p>\n<p>Destac\u00f3 que respaldar\u00e1 las propuestas para la apertura de casas de d\u00eda en Morelia subsidiadas por la administraci\u00f3n p\u00fablica, en las cuales los asistentes puedan desarrollar habilidades deportivas, art\u00edsticas y culturales.<\/p>\n<p>Adem\u00e1s, destac\u00f3 el candidato se buscar\u00e1 que las personas puedan retirarse con dignidad al contar con seguridad m\u00e9dica y una pensi\u00f3n que alcance para m\u00e1s. Aunado a esto se impulsar\u00e1 que los adultos mayores puedan trabajar y contar con las prestaciones que fija la ley.<\/p>\n","protected":false},"excerpt":{"rendered":"<p>&nbsp; El candidato a diputado federal por el Distrito 08 de Morelia se reuni\u00f3 con jubilados y pensionados, con quienes comparti\u00f3 las propuestas que impulsar\u00e1 desde el Congreso de la Uni\u00f3n a favor de los adultos mayores. &nbsp; &nbsp; Morelia, Michoac\u00e1n, 06 de junio de 2018.- Pol\u00edticas p\u00fablicas a favor de los adultos mayores para [&hellip;]<\/p>\n","protected":false},"author":2,"featured_media":53960,"comment_status":"closed","ping_status":"closed","sticky":false,"template":"","format":"standard","meta":{"footnotes":""},"categories":[14,90],"tags":[],"class_list":["post-53959","post","type-post","status-publish","format-standard","has-post-thumbnail","hentry","category-destacadas","category-elecciones-2018"],"_links":{"self":[{"href":"https:\/\/radiowebmx.com\/nota\/wp-json\/wp\/v2\/posts\/53959","targetHints":{"allow":["GET"]}}],"collection":[{"href":"https:\/\/radiowebmx.com\/nota\/wp-json\/wp\/v2\/posts"}],"about":[{"href":"https:\/\/radiowebmx.com\/nota\/wp-json\/wp\/v2\/types\/post"}],"author":[{"embeddable":true,"href":"https:\/\/radiowebmx.com\/nota\/wp-json\/wp\/v2\/users\/2"}],"replies":[{"embeddable":true,"href":"https:\/\/radiowebmx.com\/nota\/wp-json\/wp\/v2\/comments?post=53959"}],"version-history":[{"count":1,"href":"https:\/\/radiowebmx.com\/nota\/wp-json\/wp\/v2\/posts\/53959\/revisions"}],"predecessor-version":[{"id":53961,"href":"https:\/\/radiowebmx.com\/nota\/wp-json\/wp\/v2\/posts\/53959\/revisions\/53961"}],"wp:featuredmedia":[{"embeddable":true,"href":"https:\/\/radiowebmx.com\/nota\/wp-json\/wp\/v2\/media\/53960"}],"wp:attachment":[{"href":"https:\/\/radiowebmx.com\/nota\/wp-json\/wp\/v2\/media?parent=53959"}],"wp:term":[{"taxonomy":"category","embeddable":true,"href":"https:\/\/radiowebmx.com\/nota\/wp-json\/wp\/v2\/categories?post=53959"},{"taxonomy":"post_tag","embeddable":true,"href":"https:\/\/radiowebmx.com\/nota\/wp-json\/wp\/v2\/tags?post=53959"}],"curies":[{"name":"wp","href":"https:\/\/api.w.org\/{rel}","templated":true}]}}