{"id":53956,"date":"2018-06-06T14:40:06","date_gmt":"2018-06-06T19:40:06","guid":{"rendered":"https:\/\/radiowebmx.com\/nota\/?p=53956"},"modified":"2018-06-06T14:40:06","modified_gmt":"2018-06-06T19:40:06","slug":"mas-obras-no-sobras-para-morelia","status":"publish","type":"post","link":"https:\/\/radiowebmx.com\/nota\/mas-obras-no-sobras-para-morelia\/","title":{"rendered":"M\u00e1s obras, no sobras para Morelia"},"content":{"rendered":"<p><img loading=\"lazy\" decoding=\"async\" class=\"\" src=\"https:\/\/attachment.outlook.live.net\/owa\/ultrapolitica@hotmail.com\/service.svc\/s\/GetAttachmentThumbnail?id=AQMkADAwATYwMAItODMyNi00ODU0LTAwAi0wMAoARgAAA5HawHgQuq9DrqMPu%2BRLC5sHANRV7lYdW%2FpNtd2j%2BEW2swoAAAIBDAAAANRV7lYdW%2FpNtd2j%2BEW2swoAAnAOxswAAAABEgAQAGX22vczTCtCsFeeJNaSaxk%3D&amp;thumbnailType=2&amp;X-OWA-CANARY=-RjPjrwfOUStd--loiToggBfQx7ly9UY7Ed8lnSj1JoIl2eOwLBWIDiej6UbUeu-rpy4teKhdzk.&amp;token=eyJhbGciOiJSUzI1NiIsImtpZCI6IjA2MDBGOUY2NzQ2MjA3MzdFNzM0MDRFMjg3QzQ1QTgxOENCN0NFQjgiLCJ4NXQiOiJCZ0Q1OW5SaUJ6Zm5OQVRpaDhSYWdZeTN6cmciLCJ0eXAiOiJKV1QifQ.eyJ2ZXIiOiJFeGNoYW5nZS5DYWxsYmFjay5WMSIsImFwcGN0eHNlbmRlciI6Ik93YURvd25sb2FkQDg0ZGY5ZTdmLWU5ZjYtNDBhZi1iNDM1LWFhYWFhYWFhYWFhYSIsImFwcGN0eCI6IntcIm1zZXhjaHByb3RcIjpcIm93YVwiLFwicHJpbWFyeXNpZFwiOlwiUy0xLTI4MjctMzkzMjE2LTIyMDAzMjQxODBcIixcInB1aWRcIjpcIjE2ODg4NTIwNjA1ODgxMTZcIixcIm9pZFwiOlwiMDAwNjAwMDAtODMyNi00ODU0LTAwMDAtMDAwMDAwMDAwMDAwXCIsXCJzY29wZVwiOlwiT3dhRG93bmxvYWRcIn0iLCJuYmYiOjE1MjgzMTM4OTUsImV4cCI6MTUyODMxNDQ5NSwiaXNzIjoiMDAwMDAwMDItMDAwMC0wZmYxLWNlMDAtMDAwMDAwMDAwMDAwQDg0ZGY5ZTdmLWU5ZjYtNDBhZi1iNDM1LWFhYWFhYWFhYWFhYSIsImF1ZCI6IjAwMDAwMDAyLTAwMDAtMGZmMS1jZTAwLTAwMDAwMDAwMDAwMC9hdHRhY2htZW50Lm91dGxvb2subGl2ZS5uZXRAODRkZjllN2YtZTlmNi00MGFmLWI0MzUtYWFhYWFhYWFhYWFhIn0.jNe0DQaGxqtH086Wf1oxljaZVVHggh4hM2jBoGWESBu3LaBwcQmGmqSYmRzfl9v5UiaZuL7aC_aBm1TVw0qf186Ohk7OaMNOAM8LPovIND8s6HjV6a01swDj9mbmysQWZhGIyRFJ2NmJ16LroPRh2Uex3MqzNjqZu0upXI7fnyHW25q0g9Hhx8otL2lZP8xLbGbZPgGGKZyy8sfOIVnA8URquEZRG8tPHay17nowicHO15_XTb0utBDTTokrwEmNUFMfoU5E-mQ0WC-DmnDleEMOkhekWX8uEgCasdfNqkXB8Zq8Mv3z7ig-ya2j2LlI04MusGSIzso8eTUhdtw_5Q&amp;owa=outlook.live.com&amp;isc=1\" width=\"399\" height=\"266\" \/><\/p>\n<p>&nbsp;<\/p>\n<p class=\"x_MsoNormal\">El candidato del Partido Verde Ecologista de M\u00e9xico (PVEM) por la Presidencia de Morelia, Constantino Ortiz, afirm\u00f3 que el municipio requiere de obras que impliquen proyectos integrales, no pedacer\u00edas que no causan el impacto que la sociedad merece y que solamente generan el sobre precio de las mismas.<\/p>\n<p class=\"x_MsoNormal\">Durante un encuentro con liderazgos del poniente de Morelia, al que fue acompa\u00f1ado por los candidatos a diputada local por el Distrito 16, Roc\u00edo Guzm\u00e1n y a diputado federal por el Distrito 8, Javier Rivera, el empresario comprometi\u00f3 gobernar con m\u00e1s ciudadanos y menos funcionarios, quienes actualmente \u201cvemos que se dedican a cuidar los intereses personales del presidente y a facilitar las licitaciones para sus amigos\u201d.<\/p>\n<p class=\"x_MsoNormal\">Por eso, continu\u00f3, en el Comit\u00e9 de Obra y de Compras, as\u00ed como en el Instituto Municipal de Planeaci\u00f3n (IMPLAN), se incluir\u00e1 a los ciudadanos para que participen y decidan todo lo concerniente a la obra p\u00fablica, es decir, qu\u00e9 tipo de obra se necesita, cu\u00e1nto costar\u00e1 y en qu\u00e9 tiempo se ejecutar\u00e1\u201d.<\/p>\n<p class=\"x_MsoNormal\">Adem\u00e1s, continu\u00f3, las contrataciones se realizar\u00e1n con empresas morelianas, a fin de generar una derrama econ\u00f3mica local y que tambi\u00e9n \u00e9stas, a su vez, paguen los impuestos en el municipio, mismos que nos servir\u00e1n para mejorar los servicios p\u00fablicos.<\/p>\n<p class=\"x_MsoNormal\">Expuso el empresario que a Morelia le urgen obras bien planificadas y bien hechas, que contrarresten \u201cla pedacer\u00eda de obras que el actual gobierno realiza en la capital y que a todas luces fueron hechas con intereses distintos a los que tenemos los ciudadanos\u201d.<\/p>\n<p class=\"x_MsoNormal\">Al final, el representante de la planilla \u201cT\u00fa decides del cambio\u201d pidi\u00f3 votar \u201ctodo verde\u201d este primero de julio, para que \u201cuna vez que gane las elecciones con el apoyo de todos ustedes para gobernar el municipio capital, pueda coordinarme con los representantes del PVEM en el Senado y en los congresos Federal y Estatal, para hacer las gestiones necesarias\u201d.<\/p>\n","protected":false},"excerpt":{"rendered":"<p>&nbsp; El candidato del Partido Verde Ecologista de M\u00e9xico (PVEM) por la Presidencia de Morelia, Constantino Ortiz, afirm\u00f3 que el municipio requiere de obras que impliquen proyectos integrales, no pedacer\u00edas que no causan el impacto que la sociedad merece y que solamente generan el sobre precio de las mismas. Durante un encuentro con liderazgos del [&hellip;]<\/p>\n","protected":false},"author":2,"featured_media":53957,"comment_status":"closed","ping_status":"closed","sticky":false,"template":"","format":"standard","meta":{"footnotes":""},"categories":[14,90],"tags":[],"class_list":["post-53956","post","type-post","status-publish","format-standard","has-post-thumbnail","hentry","category-destacadas","category-elecciones-2018"],"_links":{"self":[{"href":"https:\/\/radiowebmx.com\/nota\/wp-json\/wp\/v2\/posts\/53956","targetHints":{"allow":["GET"]}}],"collection":[{"href":"https:\/\/radiowebmx.com\/nota\/wp-json\/wp\/v2\/posts"}],"about":[{"href":"https:\/\/radiowebmx.com\/nota\/wp-json\/wp\/v2\/types\/post"}],"author":[{"embeddable":true,"href":"https:\/\/radiowebmx.com\/nota\/wp-json\/wp\/v2\/users\/2"}],"replies":[{"embeddable":true,"href":"https:\/\/radiowebmx.com\/nota\/wp-json\/wp\/v2\/comments?post=53956"}],"version-history":[{"count":1,"href":"https:\/\/radiowebmx.com\/nota\/wp-json\/wp\/v2\/posts\/53956\/revisions"}],"predecessor-version":[{"id":53958,"href":"https:\/\/radiowebmx.com\/nota\/wp-json\/wp\/v2\/posts\/53956\/revisions\/53958"}],"wp:featuredmedia":[{"embeddable":true,"href":"https:\/\/radiowebmx.com\/nota\/wp-json\/wp\/v2\/media\/53957"}],"wp:attachment":[{"href":"https:\/\/radiowebmx.com\/nota\/wp-json\/wp\/v2\/media?parent=53956"}],"wp:term":[{"taxonomy":"category","embeddable":true,"href":"https:\/\/radiowebmx.com\/nota\/wp-json\/wp\/v2\/categories?post=53956"},{"taxonomy":"post_tag","embeddable":true,"href":"https:\/\/radiowebmx.com\/nota\/wp-json\/wp\/v2\/tags?post=53956"}],"curies":[{"name":"wp","href":"https:\/\/api.w.org\/{rel}","templated":true}]}}