{"id":53935,"date":"2018-06-05T19:22:19","date_gmt":"2018-06-06T00:22:19","guid":{"rendered":"https:\/\/radiowebmx.com\/nota\/?p=53935"},"modified":"2018-06-06T11:24:35","modified_gmt":"2018-06-06T16:24:35","slug":"concluiran-centro-de-salud-de-puruandiro-esta-en-obra-negra-desde-2014","status":"publish","type":"post","link":"https:\/\/radiowebmx.com\/nota\/concluiran-centro-de-salud-de-puruandiro-esta-en-obra-negra-desde-2014\/","title":{"rendered":"Concluir\u00e1n Centro de Salud de Puru\u00e1ndiro; est\u00e1 en obra negra desde 2014"},"content":{"rendered":"<p><img loading=\"lazy\" decoding=\"async\" class=\"\" src=\"http:\/\/michoacan.gob.mx\/wp-content\/uploads\/2018\/06\/6ed80ae0-14ad-4446-9eba-e98630bca8cc.jpeg\" width=\"401\" height=\"267\" \/><\/p>\n<ul>\n<li><strong>El Gobernador Constitucional Silvano Aureoles supervis\u00f3 los trabajos de conclusi\u00f3n de este centro, cuya segunda etapa qued\u00f3 en el olvido desde el 2014.<\/strong><\/li>\n<li><strong>Los 13 Centros de Salud con los que cuenta Puru\u00e1ndiro ya est\u00e1n dignificados en su totalidad.<\/strong><\/li>\n<\/ul>\n<p><strong>Puru\u00e1ndiro, Michoac\u00e1n, a 5 de junio de 2018.-<\/strong>\u00a0El Gobernador Constitucional Silvano Aureoles Conejo supervis\u00f3 esta ma\u00f1ana los trabajos de conclusi\u00f3n del Centro de Salud de Puru\u00e1ndiro, mismo que qued\u00f3 en obra negra y abandonado en 2014 y que hoy inicia su transformaci\u00f3n a un espacio digno para brindar atenci\u00f3n a miles de familias del municipio y la regi\u00f3n.<\/p>\n<p>Acompa\u00f1ado de la secretaria de Salud, Diana Celia Carpio R\u00edos, el mandatario estatal destac\u00f3 que los 13 Centros de Salud con los que cuenta Puru\u00e1ndiro ya han sido dignificados en su totalidad, y \u00e9ste en espec\u00edfico, cuya segunda etapa hab\u00eda sido abandonada, tendr\u00e1 una inversi\u00f3n total cercana a los 18 millones de pesos para su conclusi\u00f3n, mismo que se prev\u00e9 entregar en tres meses bien equipado y con mobiliario.<\/p>\n<p>\u201cNuestro reto es contar con el personal m\u00e9dico que se requiere en cada rinc\u00f3n del estado, as\u00ed como tener el 100 por ciento de abasto del cuadro b\u00e1sico de medicamentos\u201d, extern\u00f3 el mandatario Aureoles Conejo.<\/p>\n<p>El Gobernador refiri\u00f3 que a la brevedad se atender\u00e1n los pendientes que se mantienen con este municipio, que abarcan la rehabilitaci\u00f3n de la Escuela Secundaria Federal No. 2 \u201cFrancisco Villa\u201d, y la construcci\u00f3n de un pozo de agua, red de distribuci\u00f3n de agua potable y drenaje para la comunidad de La Excusa, por mencionar algunos trabajos.<\/p>\n<p>En su participaci\u00f3n, la titular de la SSM, Diana Carpio, abund\u00f3 que este espacio forma parte de las m\u00e1s de 30 obras inconclusas existentes en toda la entidad y adem\u00e1s, se dot\u00f3 de mobiliario nuevo en la primera etapa ya concluida; \u201cahora van a poder disfrutar de instalaciones m\u00e1s dignas y de mejor calidad\u201d.<\/p>\n<p>El secretario de Comunicaciones y Obras P\u00fablicas, Jos\u00e9 Juan Dom\u00ednguez L\u00f3pez, detall\u00f3 que el Centro de Salud albergar\u00e1 seis consultorios, sala de espera, \u00e1rea de curaciones, lactancia materna, estimulaci\u00f3n temprana, detecci\u00f3n oportuna de c\u00e1ncer, \u00e1rea dental, hidrataci\u00f3n oral, control nutricional, alimentaci\u00f3n, archivo cl\u00ednico, farmacia y laboratorio.<\/p>\n<p>Adem\u00e1s de un sal\u00f3n de usos m\u00faltiples, ba\u00f1os, bodega, almac\u00e9n; contar\u00e1 con instalaciones el\u00e9ctricas, hidr\u00e1ulicas, sanitarias y pluviales, as\u00ed como la dignificaci\u00f3n del camino de acceso al centro y estacionamiento.<\/p>\n<p>El presidente municipal interino de Puru\u00e1ndiro, Ram\u00f3n Cisneros Ceballos, expuso que era de suma importancia culminar la segunda etapa de este Centro, que viene a dignificar la salud de todo el pueblo y la regi\u00f3n, \u201cesperamos con ansias este hecho desde su anuncio en 2014\u201d.<\/p>\n<p>El titular del Ejecutivo Estatal tambi\u00e9n fue testigo del arranque de las brigadas de fumigaci\u00f3n contra las plagas de Zika, Dengue y Chikungunya.<\/p>\n<p>En esta gira de trabajo estuvieron presentes Elena Vega Uribe, coordinadora general de Atenci\u00f3n Ciudadana y enlace estatal en el municipio; el director del R\u00e9gimen Estatal de Protecci\u00f3n Social en Salud, Seguro Popular, Germ\u00e1n Ortega Silva; el diputado Jos\u00e9 Mar\u00eda Arroyo Ju\u00e1rez; la legisladora Daniela D\u00edaz Dur\u00e1n; la directora del Centro de Salud de Puru\u00e1ndiro, Mar\u00eda de la Luz Lemus L\u00f3pez; el coordinador operativo del programa Vectores, Jos\u00e9 Mart\u00edn Maya Gochi, as\u00ed como presidentes municipales de la regi\u00f3n, medios de comunicaci\u00f3n y p\u00fablico en general.<\/p>\n<p>&nbsp;<\/p>\n<p><img loading=\"lazy\" decoding=\"async\" class=\"\" src=\"http:\/\/michoacan.gob.mx\/wp-content\/uploads\/2018\/06\/0f57ada6-1ae7-44c3-b0a5-2f8044fbc417.jpeg\" width=\"399\" height=\"266\" \/><\/p>\n<p>&nbsp;<\/p>\n<p><img loading=\"lazy\" decoding=\"async\" class=\"\" src=\"http:\/\/michoacan.gob.mx\/wp-content\/uploads\/2018\/06\/5358b293-966b-41e4-9f0c-0405ebc2844d.jpeg\" width=\"401\" height=\"267\" \/><\/p>\n","protected":false},"excerpt":{"rendered":"<p>El Gobernador Constitucional Silvano Aureoles supervis\u00f3 los trabajos de conclusi\u00f3n de este centro, cuya segunda etapa qued\u00f3 en el olvido desde el 2014. Los 13 Centros de Salud con los que cuenta Puru\u00e1ndiro ya est\u00e1n dignificados en su totalidad. Puru\u00e1ndiro, Michoac\u00e1n, a 5 de junio de 2018.-\u00a0El Gobernador Constitucional Silvano Aureoles Conejo supervis\u00f3 esta ma\u00f1ana [&hellip;]<\/p>\n","protected":false},"author":2,"featured_media":53936,"comment_status":"closed","ping_status":"closed","sticky":false,"template":"","format":"standard","meta":{"footnotes":""},"categories":[14,3,60],"tags":[],"class_list":["post-53935","post","type-post","status-publish","format-standard","has-post-thumbnail","hentry","category-destacadas","category-gobierno-del-estado-de-michoacan","category-michoacan"],"_links":{"self":[{"href":"https:\/\/radiowebmx.com\/nota\/wp-json\/wp\/v2\/posts\/53935","targetHints":{"allow":["GET"]}}],"collection":[{"href":"https:\/\/radiowebmx.com\/nota\/wp-json\/wp\/v2\/posts"}],"about":[{"href":"https:\/\/radiowebmx.com\/nota\/wp-json\/wp\/v2\/types\/post"}],"author":[{"embeddable":true,"href":"https:\/\/radiowebmx.com\/nota\/wp-json\/wp\/v2\/users\/2"}],"replies":[{"embeddable":true,"href":"https:\/\/radiowebmx.com\/nota\/wp-json\/wp\/v2\/comments?post=53935"}],"version-history":[{"count":1,"href":"https:\/\/radiowebmx.com\/nota\/wp-json\/wp\/v2\/posts\/53935\/revisions"}],"predecessor-version":[{"id":53937,"href":"https:\/\/radiowebmx.com\/nota\/wp-json\/wp\/v2\/posts\/53935\/revisions\/53937"}],"wp:featuredmedia":[{"embeddable":true,"href":"https:\/\/radiowebmx.com\/nota\/wp-json\/wp\/v2\/media\/53936"}],"wp:attachment":[{"href":"https:\/\/radiowebmx.com\/nota\/wp-json\/wp\/v2\/media?parent=53935"}],"wp:term":[{"taxonomy":"category","embeddable":true,"href":"https:\/\/radiowebmx.com\/nota\/wp-json\/wp\/v2\/categories?post=53935"},{"taxonomy":"post_tag","embeddable":true,"href":"https:\/\/radiowebmx.com\/nota\/wp-json\/wp\/v2\/tags?post=53935"}],"curies":[{"name":"wp","href":"https:\/\/api.w.org\/{rel}","templated":true}]}}