{"id":53926,"date":"2018-06-05T14:14:16","date_gmt":"2018-06-05T19:14:16","guid":{"rendered":"https:\/\/radiowebmx.com\/nota\/?p=53926"},"modified":"2018-06-06T11:15:55","modified_gmt":"2018-06-06T16:15:55","slug":"a-cerrar-filas-en-pro-del-medio-ambiente-convoca-angel-cedillo","status":"publish","type":"post","link":"https:\/\/radiowebmx.com\/nota\/a-cerrar-filas-en-pro-del-medio-ambiente-convoca-angel-cedillo\/","title":{"rendered":"A cerrar filas en pro del medio ambiente convoca \u00c1ngel Cedillo"},"content":{"rendered":"<p class=\"x_MsoNormal\"><b>Morelia; Michoac\u00e1n, 5 de junio de 2018<\/b>.-\u00a0Michoac\u00e1n es uno de los estados del pa\u00eds con mayor riqueza natural, con una biodiversidad enorme, por lo que es apremiante en el marco del D\u00eda Mundial del Medio Ambiente cerrar filas autoridades y ciudadanos para fortalecer las pol\u00edticas p\u00fablicas en materia ambiental, subray\u00f3 el presidente de la Junta de Coordinaci\u00f3n Pol\u00edtica en la LXXIII Legislatura local, \u00c1ngel Cedillo Hern\u00e1ndez.<\/p>\n<p class=\"x_MsoNormal\">El tambi\u00e9n Coordinador del Grupo Parlamentario del Partido de la Revoluci\u00f3n Democr\u00e1tica en el Congreso del Estado mencion\u00f3 que es indispensable que ante las afectaciones y previsiones sobre el cambio clim\u00e1tico es necesario que se implementen acciones para revertir las afectaciones.<\/p>\n<p class=\"x_MsoNormal\">\u00c1ngel Cedillo enfatiz\u00f3 que hoy en el D\u00eda Mundial del Medio Ambiente se debe hacer un compromiso entre todas las autoridades y ciudadanos para redoblar esfuerzos en favor de la protecci\u00f3n y uso racional de los elementos naturales, con una convicci\u00f3n aut\u00e9ntica y comprobable de respeto a las futuras generaciones y a nuestras propias ra\u00edces culturales.<\/p>\n<p class=\"x_MsoNormal\">Resalt\u00f3 que desde el Congreso del Estado se han realizado las acciones encaminadas a protegerlo, con diversas leyes y reformas aprobadas en esta LXXIII Legislatura Local,\u00a0\u00a0no obstante, mencion\u00f3 que se requiere de la participaci\u00f3n de todos los sectores sociales.<\/p>\n<p class=\"x_MsoNormal\">El Diputado local por el Distrito de Uruapan Norte record\u00f3 que la Asamblea General de las Naciones Unidas estableci\u00f3 que cada 5 de junio se celebre el D\u00eda Mundial del Medio Ambiente, pero m\u00e1s que celebrar, indic\u00f3 que se debe hacer una reflexi\u00f3n sobre las afectaciones que se hacen d\u00eda a d\u00eda a los recursos naturales.<\/p>\n<p class=\"x_MsoNormal\">Por ello esta fecha mencion\u00f3 es la oportunidad para que desde todas las trincheras se emprendan acciones inmediatas que mitiguen y aminoren el da\u00f1o ambiental, en el que se centren los esfuerzos en la protecci\u00f3n y conservaci\u00f3n de nuestros recursos naturales.<\/p>\n","protected":false},"excerpt":{"rendered":"<p>Morelia; Michoac\u00e1n, 5 de junio de 2018.-\u00a0Michoac\u00e1n es uno de los estados del pa\u00eds con mayor riqueza natural, con una biodiversidad enorme, por lo que es apremiante en el marco del D\u00eda Mundial del Medio Ambiente cerrar filas autoridades y ciudadanos para fortalecer las pol\u00edticas p\u00fablicas en materia ambiental, subray\u00f3 el presidente de la Junta [&hellip;]<\/p>\n","protected":false},"author":2,"featured_media":53927,"comment_status":"closed","ping_status":"closed","sticky":false,"template":"","format":"standard","meta":{"footnotes":""},"categories":[6,14],"tags":[],"class_list":["post-53926","post","type-post","status-publish","format-standard","has-post-thumbnail","hentry","category-congreso-del-estado","category-destacadas"],"_links":{"self":[{"href":"https:\/\/radiowebmx.com\/nota\/wp-json\/wp\/v2\/posts\/53926","targetHints":{"allow":["GET"]}}],"collection":[{"href":"https:\/\/radiowebmx.com\/nota\/wp-json\/wp\/v2\/posts"}],"about":[{"href":"https:\/\/radiowebmx.com\/nota\/wp-json\/wp\/v2\/types\/post"}],"author":[{"embeddable":true,"href":"https:\/\/radiowebmx.com\/nota\/wp-json\/wp\/v2\/users\/2"}],"replies":[{"embeddable":true,"href":"https:\/\/radiowebmx.com\/nota\/wp-json\/wp\/v2\/comments?post=53926"}],"version-history":[{"count":1,"href":"https:\/\/radiowebmx.com\/nota\/wp-json\/wp\/v2\/posts\/53926\/revisions"}],"predecessor-version":[{"id":53928,"href":"https:\/\/radiowebmx.com\/nota\/wp-json\/wp\/v2\/posts\/53926\/revisions\/53928"}],"wp:featuredmedia":[{"embeddable":true,"href":"https:\/\/radiowebmx.com\/nota\/wp-json\/wp\/v2\/media\/53927"}],"wp:attachment":[{"href":"https:\/\/radiowebmx.com\/nota\/wp-json\/wp\/v2\/media?parent=53926"}],"wp:term":[{"taxonomy":"category","embeddable":true,"href":"https:\/\/radiowebmx.com\/nota\/wp-json\/wp\/v2\/categories?post=53926"},{"taxonomy":"post_tag","embeddable":true,"href":"https:\/\/radiowebmx.com\/nota\/wp-json\/wp\/v2\/tags?post=53926"}],"curies":[{"name":"wp","href":"https:\/\/api.w.org\/{rel}","templated":true}]}}