{"id":53923,"date":"2018-06-05T20:37:21","date_gmt":"2018-06-06T01:37:21","guid":{"rendered":"https:\/\/radiowebmx.com\/nota\/?p=53923"},"modified":"2018-06-06T11:12:59","modified_gmt":"2018-06-06T16:12:59","slug":"vuelve-constantino-ortiz-a-ser-la-propuesta-mas-solida-de-gobierno","status":"publish","type":"post","link":"https:\/\/radiowebmx.com\/nota\/vuelve-constantino-ortiz-a-ser-la-propuesta-mas-solida-de-gobierno\/","title":{"rendered":"Vuelve Constantino Ortiz a ser la  propuesta m\u00e1s s\u00f3lida de Gobierno"},"content":{"rendered":"<p><span style=\"color: #000000; font-family: Calibri; font-size: medium;\">Durante la confrontaci\u00f3n de planteamientos con los otros contendientes, el candidato del Partido Verde Ecologista de M\u00e9xico (PVEM) por la Presidencia de Morelia, Constantino Ortiz, demostr\u00f3 una vez m\u00e1s que representa la propuesta m\u00e1s s\u00f3lida de Gobierno.<\/span><\/p>\n<p><span style=\"color: #000000; font-family: Calibri; font-size: medium;\">En un debate televisivo fue cuestionado sobre la Declaraci\u00f3n Patrimonial 3 de 3, a lo que respondi\u00f3 que \u201clos empresarios presentamos la declaraci\u00f3n fiscal cada a\u00f1o, pero lo importante no es el 3 de 3, sino la revisi\u00f3n de la evoluci\u00f3n patrimonial de cada uno de los candidatos que est\u00e1n aqu\u00ed y de los que no vinieron, es decir, c\u00f3mo estaba su patrimonio en su primer cargo p\u00fablico y c\u00f3mo est\u00e1 ahora, considerando su sueldo\u201d.<\/span><\/p>\n<p><span style=\"color: #000000; font-family: Calibri; font-size: medium;\">Seguidamente, ret\u00f3 a los contendientes por la v\u00eda Independiente, Alfonso Mart\u00ednez y por el PES, Fausto Vallejo, a no temer y negarse a los debates, como lo han hecho en los \u00faltimos d\u00edas y \u201ca hacerlo conmigo, me adapto a sus agendas para que realmente hagamos p\u00fablico lo que cada quien propone, porque hoy escuchamos m\u00e1s de los mismo y la propuesta de un servidor, que nunca ha vivido del erario p\u00fablico, es la \u00fanica distinta y honesta\u201d.<\/span><\/p>\n<p><span style=\"font-family: Calibri;\"><span style=\"font-size: medium;\"><span style=\"color: #000000;\">El candidato verde que encabeza la planilla \u201cT\u00fa decides el cambio\u201d, comparti\u00f3 que cuenta con m\u00e1s de 30 a\u00f1os de experiencia empresarial, que aplicar\u00e1 en su gobierno para conseguir el desarrollo que la ciudad y todas sus comunidades del municipio necesitan.\u00a0\u00a0<\/span><\/span><\/span><\/p>\n","protected":false},"excerpt":{"rendered":"<p>Durante la confrontaci\u00f3n de planteamientos con los otros contendientes, el candidato del Partido Verde Ecologista de M\u00e9xico (PVEM) por la Presidencia de Morelia, Constantino Ortiz, demostr\u00f3 una vez m\u00e1s que representa la propuesta m\u00e1s s\u00f3lida de Gobierno. En un debate televisivo fue cuestionado sobre la Declaraci\u00f3n Patrimonial 3 de 3, a lo que respondi\u00f3 que [&hellip;]<\/p>\n","protected":false},"author":2,"featured_media":53924,"comment_status":"closed","ping_status":"closed","sticky":false,"template":"","format":"standard","meta":{"footnotes":""},"categories":[14,90],"tags":[],"class_list":["post-53923","post","type-post","status-publish","format-standard","has-post-thumbnail","hentry","category-destacadas","category-elecciones-2018"],"_links":{"self":[{"href":"https:\/\/radiowebmx.com\/nota\/wp-json\/wp\/v2\/posts\/53923","targetHints":{"allow":["GET"]}}],"collection":[{"href":"https:\/\/radiowebmx.com\/nota\/wp-json\/wp\/v2\/posts"}],"about":[{"href":"https:\/\/radiowebmx.com\/nota\/wp-json\/wp\/v2\/types\/post"}],"author":[{"embeddable":true,"href":"https:\/\/radiowebmx.com\/nota\/wp-json\/wp\/v2\/users\/2"}],"replies":[{"embeddable":true,"href":"https:\/\/radiowebmx.com\/nota\/wp-json\/wp\/v2\/comments?post=53923"}],"version-history":[{"count":1,"href":"https:\/\/radiowebmx.com\/nota\/wp-json\/wp\/v2\/posts\/53923\/revisions"}],"predecessor-version":[{"id":53925,"href":"https:\/\/radiowebmx.com\/nota\/wp-json\/wp\/v2\/posts\/53923\/revisions\/53925"}],"wp:featuredmedia":[{"embeddable":true,"href":"https:\/\/radiowebmx.com\/nota\/wp-json\/wp\/v2\/media\/53924"}],"wp:attachment":[{"href":"https:\/\/radiowebmx.com\/nota\/wp-json\/wp\/v2\/media?parent=53923"}],"wp:term":[{"taxonomy":"category","embeddable":true,"href":"https:\/\/radiowebmx.com\/nota\/wp-json\/wp\/v2\/categories?post=53923"},{"taxonomy":"post_tag","embeddable":true,"href":"https:\/\/radiowebmx.com\/nota\/wp-json\/wp\/v2\/tags?post=53923"}],"curies":[{"name":"wp","href":"https:\/\/api.w.org\/{rel}","templated":true}]}}