{"id":53920,"date":"2018-06-06T10:36:17","date_gmt":"2018-06-06T15:36:17","guid":{"rendered":"https:\/\/radiowebmx.com\/nota\/?p=53920"},"modified":"2018-06-06T10:36:17","modified_gmt":"2018-06-06T15:36:17","slug":"cada-comunidad-de-lagunillas-contara-con-servicios-medicos-macarena-chavez","status":"publish","type":"post","link":"https:\/\/radiowebmx.com\/nota\/cada-comunidad-de-lagunillas-contara-con-servicios-medicos-macarena-chavez\/","title":{"rendered":"Cada comunidad de Lagunillas contar\u00e1 con servicios m\u00e9dicos: Macarena Ch\u00e1vez"},"content":{"rendered":"<div><img loading=\"lazy\" decoding=\"async\" class=\"\" src=\"https:\/\/attachment.outlook.live.net\/owa\/ultrapolitica@hotmail.com\/service.svc\/s\/GetAttachmentThumbnail?id=AQMkADAwATYwMAItODMyNi00ODU0LTAwAi0wMAoARgAAA5HawHgQuq9DrqMPu%2BRLC5sHANRV7lYdW%2FpNtd2j%2BEW2swoAAAIBDAAAANRV7lYdW%2FpNtd2j%2BEW2swoAAnAOxsEAAAABEgAQAELLPFU6vHZOilwlIv04x1M%3D&amp;thumbnailType=2&amp;X-OWA-CANARY=GS0EV5zgZUeIgxEpEaC_zcAdVCPDy9UYiwKyX8Z5M7noLWwWifEHZEI8lGVIKm2ZHnLayLhW9xE.&amp;token=eyJhbGciOiJSUzI1NiIsImtpZCI6IjA2MDBGOUY2NzQ2MjA3MzdFNzM0MDRFMjg3QzQ1QTgxOENCN0NFQjgiLCJ4NXQiOiJCZ0Q1OW5SaUJ6Zm5OQVRpaDhSYWdZeTN6cmciLCJ0eXAiOiJKV1QifQ.eyJ2ZXIiOiJFeGNoYW5nZS5DYWxsYmFjay5WMSIsImFwcGN0eHNlbmRlciI6Ik93YURvd25sb2FkQDg0ZGY5ZTdmLWU5ZjYtNDBhZi1iNDM1LWFhYWFhYWFhYWFhYSIsImFwcGN0eCI6IntcIm1zZXhjaHByb3RcIjpcIm93YVwiLFwicHJpbWFyeXNpZFwiOlwiUy0xLTI4MjctMzkzMjE2LTIyMDAzMjQxODBcIixcInB1aWRcIjpcIjE2ODg4NTIwNjA1ODgxMTZcIixcIm9pZFwiOlwiMDAwNjAwMDAtODMyNi00ODU0LTAwMDAtMDAwMDAwMDAwMDAwXCIsXCJzY29wZVwiOlwiT3dhRG93bmxvYWRcIn0iLCJuYmYiOjE1MjgyOTkzMTEsImV4cCI6MTUyODI5OTkxMSwiaXNzIjoiMDAwMDAwMDItMDAwMC0wZmYxLWNlMDAtMDAwMDAwMDAwMDAwQDg0ZGY5ZTdmLWU5ZjYtNDBhZi1iNDM1LWFhYWFhYWFhYWFhYSIsImF1ZCI6IjAwMDAwMDAyLTAwMDAtMGZmMS1jZTAwLTAwMDAwMDAwMDAwMC9hdHRhY2htZW50Lm91dGxvb2subGl2ZS5uZXRAODRkZjllN2YtZTlmNi00MGFmLWI0MzUtYWFhYWFhYWFhYWFhIn0.MwK37PDpk5k3yjWuTJi5PjuI-EQDMlFF7ii_UCXO64o7x7-kbFTdDi7camytp55DAQi0MIlmveNVZmH9ti3qmkq2fIyvzbYKLx_Az6PBNitDhaClou1GJOKGO3otpv7XerhIdLrKkZnCFMyJ9uCp8qnW3MDvmCCA-sN1mw0Rqb4WRQ4XF_46J828gbPIaZmpQcgBi4V4-4vg9BzVw5PfUHSgBfCSidSIKmAyCYOPZtdnXwXNZ81US3edexvPqomhU1_HZ_kAFhi3LAjqwnmN_Mut0jTZYxGYqdL-bJk-EhAz64-sdWK6oJhiK1NBfFrxzrfeyc8EoG_BLBrHCSai0w&amp;owa=outlook.live.com&amp;isc=1\" width=\"400\" height=\"243\" \/><\/div>\n<div><\/div>\n<div>Lagunillas Mich.- \u201cMi gobierno trabajara incansablemente para logar que en cada comunidad de Lagunillas exista m\u00ednimo un dispensario m\u00e9dico\u201d, asever\u00f3 la candidata de la coalici\u00f3n \u201cPor Michoac\u00e1n al Frente\u201d, Macarena Ch\u00e1vez Flores.<\/div>\n<div><\/div>\n<div>Al continuar con los recorridos y encuentros con los lagunillenses, se\u00f1al\u00f3 que es momento de crecer por lo que ser\u00e1 un compromiso y responsabilidad que se cuenten con los servicios m\u00e9dicos b\u00e1sicos, pero no solo eso, sino tambi\u00e9n con los medicamentos necesarios.<\/div>\n<div><\/div>\n<div>Precis\u00f3 que se gestionar\u00e1 ante las autoridades estatales para que el Centro de Salud de Lagunillas cuente con el equipo necesario para dar atenci\u00f3n a la poblaci\u00f3n, adem\u00e1s de que se apoyar\u00e1 a las personas de escasos recursos con descuentos especiales en estudios de laboratorio.<\/div>\n<div><\/div>\n<div>Ya no tendr\u00e1n que salir de sus casas y trasladarse a Morelia, a buscar apoyos o atenci\u00f3n m\u00e9dica, \u201cya no tendr\u00e1n que esperar, si tienen fiebre van por su medicina al centro de salud y que nadie se quede sin el medicamento necesario para atender su salud\u201d.<\/div>\n<div><\/div>\n<div>A lo largo de estos 15 d\u00edas de campa\u00f1a el apoyo al proyecto que encabeza Macarena Ch\u00e1vez, ha crecido exponencialmente, ello gracias al equipo de toda la planilla y al trabajo que se ha realizado, sin embargo hizo un llamado a salir a votar el pr\u00f3ximo primero de julio pues asegur\u00f3 \u201choy tenemos la oportunidad de lograr unidos cosas buenas por Lagunillas\u201d<\/div>\n","protected":false},"excerpt":{"rendered":"<p>Lagunillas Mich.- \u201cMi gobierno trabajara incansablemente para logar que en cada comunidad de Lagunillas exista m\u00ednimo un dispensario m\u00e9dico\u201d, asever\u00f3 la candidata de la coalici\u00f3n \u201cPor Michoac\u00e1n al Frente\u201d, Macarena Ch\u00e1vez Flores. Al continuar con los recorridos y encuentros con los lagunillenses, se\u00f1al\u00f3 que es momento de crecer por lo que ser\u00e1 un compromiso y [&hellip;]<\/p>\n","protected":false},"author":2,"featured_media":53921,"comment_status":"closed","ping_status":"closed","sticky":false,"template":"","format":"standard","meta":{"footnotes":""},"categories":[14,90],"tags":[],"class_list":["post-53920","post","type-post","status-publish","format-standard","has-post-thumbnail","hentry","category-destacadas","category-elecciones-2018"],"_links":{"self":[{"href":"https:\/\/radiowebmx.com\/nota\/wp-json\/wp\/v2\/posts\/53920","targetHints":{"allow":["GET"]}}],"collection":[{"href":"https:\/\/radiowebmx.com\/nota\/wp-json\/wp\/v2\/posts"}],"about":[{"href":"https:\/\/radiowebmx.com\/nota\/wp-json\/wp\/v2\/types\/post"}],"author":[{"embeddable":true,"href":"https:\/\/radiowebmx.com\/nota\/wp-json\/wp\/v2\/users\/2"}],"replies":[{"embeddable":true,"href":"https:\/\/radiowebmx.com\/nota\/wp-json\/wp\/v2\/comments?post=53920"}],"version-history":[{"count":1,"href":"https:\/\/radiowebmx.com\/nota\/wp-json\/wp\/v2\/posts\/53920\/revisions"}],"predecessor-version":[{"id":53922,"href":"https:\/\/radiowebmx.com\/nota\/wp-json\/wp\/v2\/posts\/53920\/revisions\/53922"}],"wp:featuredmedia":[{"embeddable":true,"href":"https:\/\/radiowebmx.com\/nota\/wp-json\/wp\/v2\/media\/53921"}],"wp:attachment":[{"href":"https:\/\/radiowebmx.com\/nota\/wp-json\/wp\/v2\/media?parent=53920"}],"wp:term":[{"taxonomy":"category","embeddable":true,"href":"https:\/\/radiowebmx.com\/nota\/wp-json\/wp\/v2\/categories?post=53920"},{"taxonomy":"post_tag","embeddable":true,"href":"https:\/\/radiowebmx.com\/nota\/wp-json\/wp\/v2\/tags?post=53920"}],"curies":[{"name":"wp","href":"https:\/\/api.w.org\/{rel}","templated":true}]}}