{"id":53912,"date":"2018-06-05T18:37:07","date_gmt":"2018-06-05T23:37:07","guid":{"rendered":"https:\/\/radiowebmx.com\/nota\/?p=53912"},"modified":"2018-06-06T10:22:50","modified_gmt":"2018-06-06T15:22:50","slug":"salvador-arvizu-continua-recorriendo-el-distrito-16-y-sumando-gente-a-su-proyecto","status":"publish","type":"post","link":"https:\/\/radiowebmx.com\/nota\/salvador-arvizu-continua-recorriendo-el-distrito-16-y-sumando-gente-a-su-proyecto\/","title":{"rendered":"Salvador Arvizu contin\u00faa recorriendo el distrito 16 y sumando gente a su proyecto"},"content":{"rendered":"<p><img loading=\"lazy\" decoding=\"async\" class=\"\" src=\"https:\/\/attachment.outlook.live.net\/owa\/comgrafic_3@hotmail.com\/service.svc\/s\/GetAttachmentThumbnail?id=AQMkADAwATY0MDABLTgwNTYtZWM3OS0wMAItMDAKAEYAAAPaed1c1j8KT7aURLn6rI5GBwAe15j5sUT3TaISzCRY4uMCAAACAQwAAADomvo5BPcZT7qsxXAm84sCAAAA%2B5DiXgAAAAESABAA70Vx0QCpTk4AhIxjUuo8pXY%3D&amp;thumbnailType=2&amp;X-OWA-CANARY=kVdYjP3Sq0W8wqGrxGeOHvBVoBvBy9UYDrTaGtTQ6PaVAkIyEEMIkdWbdkfZ7vbHaqw4vvHodKY.&amp;token=eyJhbGciOiJSUzI1NiIsImtpZCI6IjA2MDBGOUY2NzQ2MjA3MzdFNzM0MDRFMjg3QzQ1QTgxOENCN0NFQjgiLCJ4NXQiOiJCZ0Q1OW5SaUJ6Zm5OQVRpaDhSYWdZeTN6cmciLCJ0eXAiOiJKV1QifQ.eyJ2ZXIiOiJFeGNoYW5nZS5DYWxsYmFjay5WMSIsImFwcGN0eHNlbmRlciI6Ik93YURvd25sb2FkQDg0ZGY5ZTdmLWU5ZjYtNDBhZi1iNDM1LWFhYWFhYWFhYWFhYSIsImFwcGN0eCI6IntcIm1zZXhjaHByb3RcIjpcIm93YVwiLFwicHJpbWFyeXNpZFwiOlwiUy0xLTI4MjctNDA5NjAwLTIxNTMxODAyODFcIixcInB1aWRcIjpcIjE3NTkyMjA3NTc2MjE4ODFcIixcIm9pZFwiOlwiMDAwNjQwMDAtODA1Ni1lYzc5LTAwMDAtMDAwMDAwMDAwMDAwXCIsXCJzY29wZVwiOlwiT3dhRG93bmxvYWRcIn0iLCJuYmYiOjE1MjgyOTgyODksImV4cCI6MTUyODI5ODg4OSwiaXNzIjoiMDAwMDAwMDItMDAwMC0wZmYxLWNlMDAtMDAwMDAwMDAwMDAwQDg0ZGY5ZTdmLWU5ZjYtNDBhZi1iNDM1LWFhYWFhYWFhYWFhYSIsImF1ZCI6IjAwMDAwMDAyLTAwMDAtMGZmMS1jZTAwLTAwMDAwMDAwMDAwMC9hdHRhY2htZW50Lm91dGxvb2subGl2ZS5uZXRAODRkZjllN2YtZTlmNi00MGFmLWI0MzUtYWFhYWFhYWFhYWFhIn0.q9jUKy92IzKq3ChEhtkwNTKjxjCxkUGuXPcioOXYD6EEB1PPDrO4zxgqMi6atlXH3Fvnvr4sSfUDbls9AmrpAJOLPb5egrXcZlprSdRxykfw3eGSV4yfu9LEa-7X6a_mmqHn68MGqBYNPO9ua269gUZDT_gtnn304qDj4d0cmOA0zqvWZImqaIVQCL5npe7z1H_Js0V5cWHK51CP_8XeaQJA9UF1LfTQgGPDStlX03-upsHpnLIL-QuLDXFdIuzUZOq9TXIgW2YO4LHS50mOTv3lGG20t_-rb4dZA0Ni2K6uVJrtYVlK8zlhWm3omWUehlvQbGcAGHjPsgsgWBNw8Q&amp;owa=outlook.live.com&amp;isc=1\" width=\"399\" height=\"208\" \/><\/p>\n<p>&nbsp;<\/p>\n<p>El candidato de Morena y Partido del Trabajo para la diputaci\u00f3n del distrito 16 de Morelia continua recorriendo cada una de las colonias y comunidades rurales de la zona sureste de Morelia para exponer su agenda legislativa que busca tener mayor acercamiento con la poblaci\u00f3n para responder de una manera tajante a las necesidades socio-econ\u00f3micas.<\/p>\n<p>En esta ocasi\u00f3n sumo adeptos a su proyecto de colonias como el Pari\u00e1n, Itzicuaro, Popular Solidaria, La Colina y Adolfo L\u00f3pez Mateos en donde realiz\u00f3 una asamblea vecinal esta tarde y present\u00f3 nuevas propuestas de proyecto para trabajar con la gente y para la gente; demandas de pavimentaci\u00f3n de sus calles, electrificaci\u00f3n de calles en abandono, falta de condiciones para incentivar la econom\u00eda, ya han sido atendidas por el candidato de morena, pues, dijo, que cuando fue regidor y antes Jefe de Tenencia de Atapaneo logr\u00f3 eso y m\u00e1s en <u>base de trabajo al ras del suelo<\/u>.<\/p>\n<p>&nbsp;<\/p>\n","protected":false},"excerpt":{"rendered":"<p>&nbsp; El candidato de Morena y Partido del Trabajo para la diputaci\u00f3n del distrito 16 de Morelia continua recorriendo cada una de las colonias y comunidades rurales de la zona sureste de Morelia para exponer su agenda legislativa que busca tener mayor acercamiento con la poblaci\u00f3n para responder de una manera tajante a las necesidades [&hellip;]<\/p>\n","protected":false},"author":2,"featured_media":53913,"comment_status":"closed","ping_status":"closed","sticky":false,"template":"","format":"standard","meta":{"footnotes":""},"categories":[14,90],"tags":[],"class_list":["post-53912","post","type-post","status-publish","format-standard","has-post-thumbnail","hentry","category-destacadas","category-elecciones-2018"],"_links":{"self":[{"href":"https:\/\/radiowebmx.com\/nota\/wp-json\/wp\/v2\/posts\/53912","targetHints":{"allow":["GET"]}}],"collection":[{"href":"https:\/\/radiowebmx.com\/nota\/wp-json\/wp\/v2\/posts"}],"about":[{"href":"https:\/\/radiowebmx.com\/nota\/wp-json\/wp\/v2\/types\/post"}],"author":[{"embeddable":true,"href":"https:\/\/radiowebmx.com\/nota\/wp-json\/wp\/v2\/users\/2"}],"replies":[{"embeddable":true,"href":"https:\/\/radiowebmx.com\/nota\/wp-json\/wp\/v2\/comments?post=53912"}],"version-history":[{"count":1,"href":"https:\/\/radiowebmx.com\/nota\/wp-json\/wp\/v2\/posts\/53912\/revisions"}],"predecessor-version":[{"id":53914,"href":"https:\/\/radiowebmx.com\/nota\/wp-json\/wp\/v2\/posts\/53912\/revisions\/53914"}],"wp:featuredmedia":[{"embeddable":true,"href":"https:\/\/radiowebmx.com\/nota\/wp-json\/wp\/v2\/media\/53913"}],"wp:attachment":[{"href":"https:\/\/radiowebmx.com\/nota\/wp-json\/wp\/v2\/media?parent=53912"}],"wp:term":[{"taxonomy":"category","embeddable":true,"href":"https:\/\/radiowebmx.com\/nota\/wp-json\/wp\/v2\/categories?post=53912"},{"taxonomy":"post_tag","embeddable":true,"href":"https:\/\/radiowebmx.com\/nota\/wp-json\/wp\/v2\/tags?post=53912"}],"curies":[{"name":"wp","href":"https:\/\/api.w.org\/{rel}","templated":true}]}}