{"id":53905,"date":"2018-06-04T19:28:11","date_gmt":"2018-06-05T00:28:11","guid":{"rendered":"https:\/\/radiowebmx.com\/nota\/?p=53905"},"modified":"2018-06-05T13:48:01","modified_gmt":"2018-06-05T18:48:01","slug":"urgente-medidas-de-proteccion-a-las-mujeres-candidatas-vanesa-mejia","status":"publish","type":"post","link":"https:\/\/radiowebmx.com\/nota\/urgente-medidas-de-proteccion-a-las-mujeres-candidatas-vanesa-mejia\/","title":{"rendered":"Urgente medidas de protecci\u00f3n a las mujeres candidatas: Vanesa Mej\u00eda"},"content":{"rendered":"<p class=\"x_MsoNormal\"><b>Morelia; Michoac\u00e1n, 4 de junio de 2018<\/b>.-\u00a0Es urgente que en el contexto del proceso electoral que se desarrolla en Michoac\u00e1n, y de la oleada de violencia pol\u00edtica que est\u00e1n enfrentando las mujeres que participan, autoridades de los diferentes \u00e1mbitos de gobierno, as\u00ed como las electorales, instrumenten medidas de protecci\u00f3n efectiva a las candidatas, apunt\u00f3 la diputada por el distrito de Hidalgo, Mayra Vanesa Mej\u00eda Granados.<\/p>\n<p class=\"x_MsoNormal\">La legisladora de extracci\u00f3n perredista calific\u00f3 de gravedad extrema las informaciones dadas a conocer por especialistas y organizaciones encargadas del estudio de los fen\u00f3menos de violencia contra la mujer, y que revelan que en Michoac\u00e1n el cien por ciento de las candidatas se\u00f1alan haber sufrido violencia pol\u00edtica en este proceso.<\/p>\n<p class=\"x_MsoNormal\">\u201cLos Poderes del Estado, a la par de las autoridades electorales en un esfuerzo conjunto debemos pronunciarnos en\u00e9rgicamente sobre este tema, porque el mensaje debe ser firme acerca de que en Michoac\u00e1n no se tolerar\u00e1 la violencia pol\u00edtica contra quienes participan en el proceso electoral\u201d.<\/p>\n<p class=\"x_MsoNormal\">Vanesa Mej\u00eda se\u00f1al\u00f3 que no se puede permitir que se atente con la participaci\u00f3n paritaria en esta la primera elecci\u00f3n que se instrumenta, \u201cpor eso la postura debe ser en\u00e9rgica, sin dobleces, ni dilaci\u00f3n, es nuestra responsabilidad como autoridades y representantes populares, porque de nada nos sirven las leyes si no hacemos lo que est\u00e9 en nuestras manos para que \u00e9stas sean efectivas\u201d.<\/p>\n<p class=\"x_MsoNormal\">La diputada local por el Distrito de Hidalgo apunt\u00f3 que ni en M\u00e9xico ni en Michoac\u00e1n podr\u00e1 hablarse de democracia, si los derechos pol\u00edticos de las mujeres son violentados, y si se cierran los ojos y se es omiso a la violencia feminicida que candidatas, brigadistas e incluso funcionarias electorales padecen en este proceso electoral.<\/p>\n<p class=\"x_MsoNormal\">Finalmente manifest\u00f3 su respaldo para desde el Poder Legislativo para velar por los derechos de las mujeres y contribuir desde toda trinchera a erradicar la violencia.<\/p>\n<p class=\"x_MsoNormal\">.<\/p>\n","protected":false},"excerpt":{"rendered":"<p>Morelia; Michoac\u00e1n, 4 de junio de 2018.-\u00a0Es urgente que en el contexto del proceso electoral que se desarrolla en Michoac\u00e1n, y de la oleada de violencia pol\u00edtica que est\u00e1n enfrentando las mujeres que participan, autoridades de los diferentes \u00e1mbitos de gobierno, as\u00ed como las electorales, instrumenten medidas de protecci\u00f3n efectiva a las candidatas, apunt\u00f3 la [&hellip;]<\/p>\n","protected":false},"author":2,"featured_media":53906,"comment_status":"closed","ping_status":"closed","sticky":false,"template":"","format":"standard","meta":{"footnotes":""},"categories":[6,14],"tags":[],"class_list":["post-53905","post","type-post","status-publish","format-standard","has-post-thumbnail","hentry","category-congreso-del-estado","category-destacadas"],"_links":{"self":[{"href":"https:\/\/radiowebmx.com\/nota\/wp-json\/wp\/v2\/posts\/53905","targetHints":{"allow":["GET"]}}],"collection":[{"href":"https:\/\/radiowebmx.com\/nota\/wp-json\/wp\/v2\/posts"}],"about":[{"href":"https:\/\/radiowebmx.com\/nota\/wp-json\/wp\/v2\/types\/post"}],"author":[{"embeddable":true,"href":"https:\/\/radiowebmx.com\/nota\/wp-json\/wp\/v2\/users\/2"}],"replies":[{"embeddable":true,"href":"https:\/\/radiowebmx.com\/nota\/wp-json\/wp\/v2\/comments?post=53905"}],"version-history":[{"count":1,"href":"https:\/\/radiowebmx.com\/nota\/wp-json\/wp\/v2\/posts\/53905\/revisions"}],"predecessor-version":[{"id":53907,"href":"https:\/\/radiowebmx.com\/nota\/wp-json\/wp\/v2\/posts\/53905\/revisions\/53907"}],"wp:featuredmedia":[{"embeddable":true,"href":"https:\/\/radiowebmx.com\/nota\/wp-json\/wp\/v2\/media\/53906"}],"wp:attachment":[{"href":"https:\/\/radiowebmx.com\/nota\/wp-json\/wp\/v2\/media?parent=53905"}],"wp:term":[{"taxonomy":"category","embeddable":true,"href":"https:\/\/radiowebmx.com\/nota\/wp-json\/wp\/v2\/categories?post=53905"},{"taxonomy":"post_tag","embeddable":true,"href":"https:\/\/radiowebmx.com\/nota\/wp-json\/wp\/v2\/tags?post=53905"}],"curies":[{"name":"wp","href":"https:\/\/api.w.org\/{rel}","templated":true}]}}