{"id":53902,"date":"2018-06-04T19:19:16","date_gmt":"2018-06-05T00:19:16","guid":{"rendered":"https:\/\/radiowebmx.com\/nota\/?p=53902"},"modified":"2018-06-05T13:40:00","modified_gmt":"2018-06-05T18:40:00","slug":"constantino-ortiz-quiere-debatir-con-todos-los-candidatos","status":"publish","type":"post","link":"https:\/\/radiowebmx.com\/nota\/constantino-ortiz-quiere-debatir-con-todos-los-candidatos\/","title":{"rendered":"Constantino Ortiz quiere debatir con todos los candidatos"},"content":{"rendered":"<p><img loading=\"lazy\" decoding=\"async\" class=\"\" src=\"https:\/\/attachment.outlook.live.net\/owa\/ultrapolitica@hotmail.com\/service.svc\/s\/GetAttachmentThumbnail?id=AQMkADAwATYwMAItODMyNi00ODU0LTAwAi0wMAoARgAAA5HawHgQuq9DrqMPu%2BRLC5sHANRV7lYdW%2FpNtd2j%2BEW2swoAAAIBDAAAANRV7lYdW%2FpNtd2j%2BEW2swoAAm59f9EAAAABEgAQAALvWuc0S81NlllonvYJ5kk%3D&amp;thumbnailType=2&amp;X-OWA-CANARY=y60Hr38hX0ShivCHzVGqCOBjos4Sy9UYTXHfZBVGp-aU5fl_MUYdEnPp9JcZaiHtsV8h6mrU3LM.&amp;token=eyJhbGciOiJSUzI1NiIsImtpZCI6IjA2MDBGOUY2NzQ2MjA3MzdFNzM0MDRFMjg3QzQ1QTgxOENCN0NFQjgiLCJ4NXQiOiJCZ0Q1OW5SaUJ6Zm5OQVRpaDhSYWdZeTN6cmciLCJ0eXAiOiJKV1QifQ.eyJ2ZXIiOiJFeGNoYW5nZS5DYWxsYmFjay5WMSIsImFwcGN0eHNlbmRlciI6Ik93YURvd25sb2FkQDg0ZGY5ZTdmLWU5ZjYtNDBhZi1iNDM1LWFhYWFhYWFhYWFhYSIsImFwcGN0eCI6IntcIm1zZXhjaHByb3RcIjpcIm93YVwiLFwicHJpbWFyeXNpZFwiOlwiUy0xLTI4MjctMzkzMjE2LTIyMDAzMjQxODBcIixcInB1aWRcIjpcIjE2ODg4NTIwNjA1ODgxMTZcIixcIm9pZFwiOlwiMDAwNjAwMDAtODMyNi00ODU0LTAwMDAtMDAwMDAwMDAwMDAwXCIsXCJzY29wZVwiOlwiT3dhRG93bmxvYWRcIn0iLCJuYmYiOjE1MjgyMjM1MjAsImV4cCI6MTUyODIyNDEyMCwiaXNzIjoiMDAwMDAwMDItMDAwMC0wZmYxLWNlMDAtMDAwMDAwMDAwMDAwQDg0ZGY5ZTdmLWU5ZjYtNDBhZi1iNDM1LWFhYWFhYWFhYWFhYSIsImF1ZCI6IjAwMDAwMDAyLTAwMDAtMGZmMS1jZTAwLTAwMDAwMDAwMDAwMC9hdHRhY2htZW50Lm91dGxvb2subGl2ZS5uZXRAODRkZjllN2YtZTlmNi00MGFmLWI0MzUtYWFhYWFhYWFhYWFhIn0.EAiqku1ioB81Bzf8G0gzYoUVM8DngJ9Gd1Sa9uyvQ5LL4BtQvLP4OSHdxkn3hAclZqFheDzFKzuITthso1TD73rcWBhZj_kqM87DRfwSUiGRuG9rtMWxRFprS7qRcmsyX9Y22MU2qOQCqoowIG975nBdDXteUx-hSd1G-3DorDtB2Qwn3t4KATlBTRCe_xcPe9EAPT6nbCk_0-zPgHEAKEZAH5NX7QJOARbA0ugIZnVFDznc8vC88RcFdEYk_3n9g7sAdoGVA299LjKqbSFIVE59Jk_lhXrHQVD-h-kIuzFBAVeHIOomFqiM_feXh9EBLhlw3_9RIxWJYknpOV6Vrg&amp;owa=outlook.live.com&amp;isc=1\" width=\"401\" height=\"267\" \/><\/p>\n<p>&nbsp;<\/p>\n<p><span style=\"color: #000000; font-family: Calibri; font-size: medium;\">Frente al desprecio que los candidatos a la presidencia de Morelia por la v\u00eda Independiente, por el PRI, el PES y la coalici\u00f3n PAN-PRD, hicieron a los alumnos de la Universidad Nova Spania, el contendiente del Partido Verde Ecologista de M\u00e9xico (PVEM), Constantino Ortiz, les expuso que \u00e9l asistir\u00e1 a todos los ejercicios p\u00fablicos y de exposici\u00f3n de propuestas.<\/span><\/p>\n<p><span style=\"color: #000000; font-family: Calibri; font-size: medium;\">Antes de iniciar el Conversatorio Voto Libre 2018, organizado por la Universidad Nova Spania, el alumno Julio C\u00e9sar Calder\u00f3n fue porta voz de su comunidad para exhibir que \u201cla invitaci\u00f3n se hizo a los 7 candidatos a la presidencia de Morelia, por lo que no entendemos el desencanto y el distanciamiento de los otros candidatos; nos dijeron que por cuestiones de agendas no asistir\u00edan, pero hoy sabemos que es solo una paradoja que refleja el poco inter\u00e9s de atender a los alumnos de la comunidad Nova Spania\u201d.<\/span><\/p>\n<p><span style=\"font-family: Calibri;\"><span style=\"font-size: medium;\"><span style=\"color: #000000;\">Introdujo que \u201cyo quiero debatir y compartir mi proyecto con ustedes, siempre y cuando sean espacios equitativos como \u00e9ste\u201d, seguidamente, les comparti\u00f3 que \u201csoy empresario y candidato ciudadano, una opci\u00f3n diferentes con ideas diferentes; tengo 4 hijos y 3 de ellos de la edad de ustedes, por eso entiendo bien sus preocupaciones e inquietudes, as\u00ed como ustedes, mis hijos quieren que todo Morelia est\u00e9 bien, por eso tenemos que hacer algo distinto\u201d.\u00a0\u00a0<\/span><\/span><\/span><\/p>\n<p><span style=\"color: #000000; font-family: Calibri; font-size: medium;\">Puntualiz\u00f3 que \u201cno se pueden tener resultados diferentes repitiendo las mismas f\u00f3rmulas que hasta hoy no han funcionado\u201d, por eso, les detall\u00f3 3 de los importantes proyectos que ejecutar\u00e1 una vez que la planilla regida por el lema \u201cT\u00fa decides el cambio\u201d obtenga el voto verde, como es la instalaci\u00f3n de un Puerto Seco, que generar\u00e1 cientos de empleos y con el cual se motivar\u00e1 a la empresa ferroviaria Kansas City Southern a mover las v\u00edas del tren hacia ese punto.<\/span><\/p>\n<p><span style=\"color: #000000; font-family: Calibri; font-size: medium;\">La creaci\u00f3n de las rutas tur\u00edsticas para incluir a las tenencias y comunidades al desarrollo, como es la Ruta del Molcajete en San Nicol\u00e1s Obispo, la Ruta del Mezcal en San Miguel de Monte, la Ruta de La Catrina en Capula y algunas otras ecotur\u00edsticas.<\/span><\/p>\n<p><span style=\"color: #000000; font-family: Calibri; font-size: medium;\">El tercero corresponde al apoyo a productores y artesanos, que los atender\u00e1 con capacitaci\u00f3n, financiamiento, tecnificaci\u00f3n y acompa\u00f1amiento en los procesos que cada uno demanda, a fin de que den el valor agregado y lleguen al mercado que les permita mejorar sus ingresos.<\/span><\/p>\n<p><span style=\"font-family: Calibri;\"><span style=\"font-size: medium;\"><span style=\"color: #000000;\">Asimismo, respondi\u00f3 las preguntas relacionadas sus propuestas para el Desarrollo Metropolitano; Mejora del transporte p\u00fablico en la ciudad; Fortalecimiento de las micros, peque\u00f1as y medianas empresas; su campa\u00f1a \u201cJuega de local\u201d; los planes de atracci\u00f3n de inversi\u00f3n; la creaci\u00f3n de nuevos parques industriales; y, de combate a la inseguridad.\u00a0\u00a0\u00a0<\/span><\/span><\/span><\/p>\n<p><span style=\"color: #000000; font-family: Calibri; font-size: medium;\">\u00a0<\/span><\/p>\n","protected":false},"excerpt":{"rendered":"<p>&nbsp; Frente al desprecio que los candidatos a la presidencia de Morelia por la v\u00eda Independiente, por el PRI, el PES y la coalici\u00f3n PAN-PRD, hicieron a los alumnos de la Universidad Nova Spania, el contendiente del Partido Verde Ecologista de M\u00e9xico (PVEM), Constantino Ortiz, les expuso que \u00e9l asistir\u00e1 a todos los ejercicios p\u00fablicos [&hellip;]<\/p>\n","protected":false},"author":2,"featured_media":53903,"comment_status":"closed","ping_status":"closed","sticky":false,"template":"","format":"standard","meta":{"footnotes":""},"categories":[14,90],"tags":[],"class_list":["post-53902","post","type-post","status-publish","format-standard","has-post-thumbnail","hentry","category-destacadas","category-elecciones-2018"],"_links":{"self":[{"href":"https:\/\/radiowebmx.com\/nota\/wp-json\/wp\/v2\/posts\/53902","targetHints":{"allow":["GET"]}}],"collection":[{"href":"https:\/\/radiowebmx.com\/nota\/wp-json\/wp\/v2\/posts"}],"about":[{"href":"https:\/\/radiowebmx.com\/nota\/wp-json\/wp\/v2\/types\/post"}],"author":[{"embeddable":true,"href":"https:\/\/radiowebmx.com\/nota\/wp-json\/wp\/v2\/users\/2"}],"replies":[{"embeddable":true,"href":"https:\/\/radiowebmx.com\/nota\/wp-json\/wp\/v2\/comments?post=53902"}],"version-history":[{"count":1,"href":"https:\/\/radiowebmx.com\/nota\/wp-json\/wp\/v2\/posts\/53902\/revisions"}],"predecessor-version":[{"id":53904,"href":"https:\/\/radiowebmx.com\/nota\/wp-json\/wp\/v2\/posts\/53902\/revisions\/53904"}],"wp:featuredmedia":[{"embeddable":true,"href":"https:\/\/radiowebmx.com\/nota\/wp-json\/wp\/v2\/media\/53903"}],"wp:attachment":[{"href":"https:\/\/radiowebmx.com\/nota\/wp-json\/wp\/v2\/media?parent=53902"}],"wp:term":[{"taxonomy":"category","embeddable":true,"href":"https:\/\/radiowebmx.com\/nota\/wp-json\/wp\/v2\/categories?post=53902"},{"taxonomy":"post_tag","embeddable":true,"href":"https:\/\/radiowebmx.com\/nota\/wp-json\/wp\/v2\/tags?post=53902"}],"curies":[{"name":"wp","href":"https:\/\/api.w.org\/{rel}","templated":true}]}}