{"id":53896,"date":"2018-06-05T13:03:51","date_gmt":"2018-06-05T18:03:51","guid":{"rendered":"https:\/\/radiowebmx.com\/nota\/?p=53896"},"modified":"2018-06-05T13:03:51","modified_gmt":"2018-06-05T18:03:51","slug":"estrecha-alfonso-martinez-lazos-con-union-de-comerciantes-generalisimo-morelos","status":"publish","type":"post","link":"https:\/\/radiowebmx.com\/nota\/estrecha-alfonso-martinez-lazos-con-union-de-comerciantes-generalisimo-morelos\/","title":{"rendered":"Estrecha Alfonso Mart\u00ednez lazos con Uni\u00f3n de Comerciantes \u201cGeneral\u00edsimo Morelos\u201d"},"content":{"rendered":"<p><img loading=\"lazy\" decoding=\"async\" class=\"\" src=\"https:\/\/gallery.mailchimp.com\/bae216b33ad0b591d4a16eac3\/images\/55b47411-ce06-4087-859e-d32773cce6c0.jpeg\" width=\"403\" height=\"268\" \/><\/p>\n<ul>\n<li><strong>El trabajo conjunto entre el Gobierno Municipal y la ciudadan\u00eda, dar\u00e1 buenos resultados en los pr\u00f3ximos tres a\u00f1os: Candidato Independiente.<\/strong><\/li>\n<li><strong>El Independiente expuso su Plan de Gobierno y aspectos del primer eje ante 300 agremiados.<\/strong><\/li>\n<\/ul>\n<p>&nbsp;<\/p>\n<div>En un ambiente de trabajo y respeto mutuo, los trabajadores de la Uni\u00f3n Mutualista de Comerciantes del Tianguis Popular Municipal de Morelia &#8220;General\u00edsimo Morelos&#8221; recibieron gratamente al Candidato Independiente por la Alcald\u00eda de Morelia, Alfonso Mart\u00ednez Alc\u00e1zar, para escuchar las acciones que dar\u00e1n continuidad a las bases ya creadas en su Gobierno.<\/p>\n<p>Ante la presencia de 300 agremiados, el Independiente estrech\u00f3 lazos de confianza y compromiso al hacer del conocimiento de los presentes todos los avances y estrategias que se han implementado para seguir avanzando por una Morelia pr\u00f3spera y equitativa.<\/p>\n<p>\u201cPor una Morelia m\u00e1s justa debemos trabajar en conjunto y continuar transformando la realidad de la ciudad\u201d, anunci\u00f3 el Candidato Independiente, antes de abordar los temas de seguridad, salud, vivienda, transporte, educaci\u00f3n, turismo, econom\u00eda y obra p\u00fablica, entre otros m\u00e1s.<\/p>\n<p>A su vez, Ra\u00fal Cort\u00e9s Cuin, Secretario General y representante de Organizaciones Unidas de Morelia, dijo que brindar\u00e1n la confianza a Alfonso Mart\u00ednez porque sus propuestas ofrecen a Morelia un camino que avanza por un mejor futuro para todos.<\/p>\n<p>&#8220;Queremos continuar trabajando con ustedes porque son quienes aportan su trabajo y esfuerzo para promover el desarrollo en todas las zonas y rincones de la capital y as\u00ed brindar igualdad de oportunidades para todos&#8221;, reconoci\u00f3 el Candidato.<\/p>\n<p>En la reuni\u00f3n, Alfonso Mart\u00ednez tambi\u00e9n escuch\u00f3 respetuosamente las necesidades de cada uno de los comerciantes morelianos, quienes expresaron que desean obtener las herramientas y espacios dignos para hacer crecer sus empresas y reactivar su econom\u00eda, puesto que de ellos dependen familias enteras en la capital michoacana.<\/p>\n<p>Al respecto, el Candidato inform\u00f3 que en su Plan de Gobierno 2018 &#8211; 2021 continuar\u00e1 poniendo en marcha programas que beneficien a los diversos sectores, esto, aunado al proyecto &#8220;Morelia NExT&#8221; que integra acciones a largo plazo e involucra el esfuerzo de todos los ciudadanos.<\/p>\n<p>Hizo referencia a algunos de los logros obtenidos en su Administraci\u00f3n: La certificaci\u00f3n de m\u00e1s de 750 polic\u00edas, la realizaci\u00f3n de m\u00e1s de mil obras p\u00fablicas que incluyen reencarpetamiento, pavimentaci\u00f3n con concreto hidr\u00e1ulico, construcci\u00f3n de zonas peatonales y construcci\u00f3n de la Cl\u00ednica Poniente de la ciudad, para que m\u00e1s de 70 mil habitantes tengan el servicio m\u00e9dico a su alcance.<\/p>\n<p>A su vez, los participantes agradecieron la construcci\u00f3n de banquetas y los cruces peatonales seguros, la entrega de becas para estudiantes, las propuestas encaminadas hacia becas de transporte y la creaci\u00f3n de dos guarder\u00edas municipales m\u00e1s, los cuales son compromisos de continuidad de parte del Candidato.<\/p>\n<p>&#8220;No permitamos que nuestro Gobierno sea borr\u00f3n y cuenta nueva, trabajemos juntos para continuar avanzando por el camino correcto&#8221;, fue el mensaje y propuesta con que finaliz\u00f3 su participaci\u00f3n el Candidato Independiente.<\/p><\/div>\n","protected":false},"excerpt":{"rendered":"<p>El trabajo conjunto entre el Gobierno Municipal y la ciudadan\u00eda, dar\u00e1 buenos resultados en los pr\u00f3ximos tres a\u00f1os: Candidato Independiente. El Independiente expuso su Plan de Gobierno y aspectos del primer eje ante 300 agremiados. &nbsp; En un ambiente de trabajo y respeto mutuo, los trabajadores de la Uni\u00f3n Mutualista de Comerciantes del Tianguis Popular [&hellip;]<\/p>\n","protected":false},"author":2,"featured_media":53897,"comment_status":"closed","ping_status":"closed","sticky":false,"template":"","format":"standard","meta":{"footnotes":""},"categories":[14,90],"tags":[],"class_list":["post-53896","post","type-post","status-publish","format-standard","has-post-thumbnail","hentry","category-destacadas","category-elecciones-2018"],"_links":{"self":[{"href":"https:\/\/radiowebmx.com\/nota\/wp-json\/wp\/v2\/posts\/53896","targetHints":{"allow":["GET"]}}],"collection":[{"href":"https:\/\/radiowebmx.com\/nota\/wp-json\/wp\/v2\/posts"}],"about":[{"href":"https:\/\/radiowebmx.com\/nota\/wp-json\/wp\/v2\/types\/post"}],"author":[{"embeddable":true,"href":"https:\/\/radiowebmx.com\/nota\/wp-json\/wp\/v2\/users\/2"}],"replies":[{"embeddable":true,"href":"https:\/\/radiowebmx.com\/nota\/wp-json\/wp\/v2\/comments?post=53896"}],"version-history":[{"count":1,"href":"https:\/\/radiowebmx.com\/nota\/wp-json\/wp\/v2\/posts\/53896\/revisions"}],"predecessor-version":[{"id":53898,"href":"https:\/\/radiowebmx.com\/nota\/wp-json\/wp\/v2\/posts\/53896\/revisions\/53898"}],"wp:featuredmedia":[{"embeddable":true,"href":"https:\/\/radiowebmx.com\/nota\/wp-json\/wp\/v2\/media\/53897"}],"wp:attachment":[{"href":"https:\/\/radiowebmx.com\/nota\/wp-json\/wp\/v2\/media?parent=53896"}],"wp:term":[{"taxonomy":"category","embeddable":true,"href":"https:\/\/radiowebmx.com\/nota\/wp-json\/wp\/v2\/categories?post=53896"},{"taxonomy":"post_tag","embeddable":true,"href":"https:\/\/radiowebmx.com\/nota\/wp-json\/wp\/v2\/tags?post=53896"}],"curies":[{"name":"wp","href":"https:\/\/api.w.org\/{rel}","templated":true}]}}