{"id":53893,"date":"2018-06-05T12:43:28","date_gmt":"2018-06-05T17:43:28","guid":{"rendered":"https:\/\/radiowebmx.com\/nota\/?p=53893"},"modified":"2018-06-05T12:43:28","modified_gmt":"2018-06-05T17:43:28","slug":"jeovana-alcantar-se-compromete-a-proteger-riqueza-forestal-desde-la-ley","status":"publish","type":"post","link":"https:\/\/radiowebmx.com\/nota\/jeovana-alcantar-se-compromete-a-proteger-riqueza-forestal-desde-la-ley\/","title":{"rendered":"Jeovana Alc\u00e1ntar se compromete a proteger riqueza forestal desde la Ley"},"content":{"rendered":"<p><img loading=\"lazy\" decoding=\"async\" class=\"\" src=\"https:\/\/attachment.outlook.live.net\/owa\/ultrapolitica@hotmail.com\/service.svc\/s\/GetAttachmentThumbnail?id=AQMkADAwATYwMAItODMyNi00ODU0LTAwAi0wMAoARgAAA5HawHgQuq9DrqMPu%2BRLC5sHANRV7lYdW%2FpNtd2j%2BEW2swoAAAIBDAAAANRV7lYdW%2FpNtd2j%2BEW2swoAAm59f9cAAAABEgAQALLhUpFuuSNOrw3AwQwz8dk%3D&amp;thumbnailType=2&amp;X-OWA-CANARY=cog8aBdUi0i_sSL5sK70g_BdZTgLy9UYwVNjQzcNzHfW4WTE_1DtfKvfjExZXI79WnVz_xcAtG4.&amp;token=eyJhbGciOiJSUzI1NiIsImtpZCI6IjA2MDBGOUY2NzQ2MjA3MzdFNzM0MDRFMjg3QzQ1QTgxOENCN0NFQjgiLCJ4NXQiOiJCZ0Q1OW5SaUJ6Zm5OQVRpaDhSYWdZeTN6cmciLCJ0eXAiOiJKV1QifQ.eyJ2ZXIiOiJFeGNoYW5nZS5DYWxsYmFjay5WMSIsImFwcGN0eHNlbmRlciI6Ik93YURvd25sb2FkQDg0ZGY5ZTdmLWU5ZjYtNDBhZi1iNDM1LWFhYWFhYWFhYWFhYSIsImFwcGN0eCI6IntcIm1zZXhjaHByb3RcIjpcIm93YVwiLFwicHJpbWFyeXNpZFwiOlwiUy0xLTI4MjctMzkzMjE2LTIyMDAzMjQxODBcIixcInB1aWRcIjpcIjE2ODg4NTIwNjA1ODgxMTZcIixcIm9pZFwiOlwiMDAwNjAwMDAtODMyNi00ODU0LTAwMDAtMDAwMDAwMDAwMDAwXCIsXCJzY29wZVwiOlwiT3dhRG93bmxvYWRcIn0iLCJuYmYiOjE1MjgyMjAzMDMsImV4cCI6MTUyODIyMDkwMywiaXNzIjoiMDAwMDAwMDItMDAwMC0wZmYxLWNlMDAtMDAwMDAwMDAwMDAwQDg0ZGY5ZTdmLWU5ZjYtNDBhZi1iNDM1LWFhYWFhYWFhYWFhYSIsImF1ZCI6IjAwMDAwMDAyLTAwMDAtMGZmMS1jZTAwLTAwMDAwMDAwMDAwMC9hdHRhY2htZW50Lm91dGxvb2subGl2ZS5uZXRAODRkZjllN2YtZTlmNi00MGFmLWI0MzUtYWFhYWFhYWFhYWFhIn0.c57YRRGQlXDB_LNE6jQswCum3FT2lTn1Eh5u53GsGyqqayyrjaOO-q5IoJRYTL-zCABUT4TZJxPwdyhL7WmZ1Tqud9p3rcG8_dt3Yo1xjseLeGod-80j0rASqcl1LvzPCBka5No2-tuGBd7xwEoG5B2oxrDvTQlXRseRHekR0BONqn4spVHtVC-U8OqYS12nRn8jgTL2sVShIRlahl-8_nQfnPG3MRwL-gdAh7fx4QZN2IdDlTpbyXSujR5RPangoDR1lJEiqU16sJwyr8uhdGI3wacIMu731PV6KPoaroprcxyCVnoxc57T2fiuEZgSqHSW4Cq6d8FnVzFj1dXNCw&amp;owa=outlook.live.com&amp;isc=1\" width=\"400\" height=\"300\" \/><\/p>\n<ul>\n<li class=\"x_MsoNormal\"><b>\u00a0\u00a0Trabajadores de los centros de transformaci\u00f3n manifiestan respaldo a la candidata de la coalici\u00f3n<\/b><\/li>\n<\/ul>\n<p class=\"x_MsoNormal\">\n<p class=\"x_MsoNormal\">El proteger la riqueza forestal con la que cuenta nuestro pa\u00eds, Michoac\u00e1n y el Distrito VI de Hidalgo desde la Ley, as\u00ed como apoyar a los centros de transformaci\u00f3n de las materias primas forestales, se comprometi\u00f3 la candidata a la diputaci\u00f3n federal de la Coalici\u00f3n Por M\u00e9xico al Frente, Jeovana Alc\u00e1ntar Baca.<\/p>\n<p class=\"x_MsoNormal\">Durante un recorrido por Ciudad Hidalgo la candidata a la diputaci\u00f3n federal por los partidos de la Revoluci\u00f3n Democr\u00e1tica (PRD), Acci\u00f3n Nacional (PAN) y Movimiento Ciudadano (MC), se\u00f1al\u00f3 que es necesario cerrar filas para disminuir la p\u00e9rdida de bosque y selva.<\/p>\n<p class=\"x_MsoNormal\">Aunado a lo anterior, agreg\u00f3 que en nuestro pa\u00eds las principales causas de la p\u00e9rdida de bosques son los incendios forestales, el cambio de uso del suelo con fines ganaderos o vinculados a la expansi\u00f3n agr\u00edcola, tala clandestina y desarrollo urbano.<\/p>\n<p class=\"x_MsoNormal\">Por lo anterior, manifest\u00f3 su respaldo para emprender acciones en materia legislativa encaminadas a proteger la riqueza forestal de nuestro pa\u00eds y apoyando tambi\u00e9n a los centros de transformaci\u00f3n de la madera que se encuentren cumpliendo con todas las normas establecidas.<\/p>\n<p class=\"x_MsoNormal\">Reconoci\u00f3 que en Ciudad Hidalgo existen varias familias que dependen de los centros de transformaci\u00f3n de materias primas forestales, mismos para quienes manifest\u00f3 todo su apoyo para que mejoren sus condiciones de trabajo, de quienes reconoci\u00f3 cuentan con los permisos y cumplen con las normas establecidas.<\/p>\n<p class=\"x_MsoNormal\">Jeovana Alc\u00e1ntar enfatiz\u00f3 su compromiso con la poblaci\u00f3n del Distrito VI de Hidalgo por el que compite, a quienes reiter\u00f3 que llegando al Congreso de la Uni\u00f3n impulsar\u00e1 normas legislativas que contribuyan en su desarrollo, as\u00ed tambi\u00e9n gestionar\u00e1 recursos econ\u00f3micos que contribuyan a que mejoren sus condiciones de vida.<\/p>\n<p class=\"x_MsoNormal\">Tras recibir el apoyo de las familias de esta industria en Ciudad Hidalgo, la candidata con militancia perredista enfatiz\u00f3 que ser\u00e1 su aliada en el Congreso de la Uni\u00f3n, que gestionar\u00e1 recursos en su beneficio y tambi\u00e9n\u00a0\u00a0impulsar\u00e1 leyes que contribuyan al cuidado de nuestro medio ambiente desde el sector productivo.<\/p>\n<p class=\"x_MsoNormal\">Recalc\u00f3 que se\u00a0\u00a0fortalecer\u00e1 desde la norma el impulso para el desarrollo de empresas limpias y ambientalmente sostenibles que contribuyan al desarrollo econ\u00f3mico y social del pa\u00eds, estableciendo tambi\u00e9n en la legislaci\u00f3n criterios que garanticen mayores est\u00edmulos fiscales para las empresas ambientalmente responsables.<\/p>\n<p class=\"x_MsoNormal\">Finalmente Jeovana Alc\u00e1ntar agradeci\u00f3 el apoyo de la poblaci\u00f3n, tras referir que con la suma de los distintos sectores sociales del Distrito VI de Hidalgo se ganar\u00e1 esta contienda electoral el pr\u00f3ximo primero de julio y con ello construir\u00e1n juntos con la poblaci\u00f3n un mejor presente para la regi\u00f3n, Michoac\u00e1n y en el pa\u00eds con la coalici\u00f3n por M\u00e9xico al Frente.<\/p>\n","protected":false},"excerpt":{"rendered":"<p>\u00a0\u00a0Trabajadores de los centros de transformaci\u00f3n manifiestan respaldo a la candidata de la coalici\u00f3n El proteger la riqueza forestal con la que cuenta nuestro pa\u00eds, Michoac\u00e1n y el Distrito VI de Hidalgo desde la Ley, as\u00ed como apoyar a los centros de transformaci\u00f3n de las materias primas forestales, se comprometi\u00f3 la candidata a la diputaci\u00f3n [&hellip;]<\/p>\n","protected":false},"author":2,"featured_media":53894,"comment_status":"closed","ping_status":"closed","sticky":false,"template":"","format":"standard","meta":{"footnotes":""},"categories":[14,90],"tags":[],"class_list":["post-53893","post","type-post","status-publish","format-standard","has-post-thumbnail","hentry","category-destacadas","category-elecciones-2018"],"_links":{"self":[{"href":"https:\/\/radiowebmx.com\/nota\/wp-json\/wp\/v2\/posts\/53893","targetHints":{"allow":["GET"]}}],"collection":[{"href":"https:\/\/radiowebmx.com\/nota\/wp-json\/wp\/v2\/posts"}],"about":[{"href":"https:\/\/radiowebmx.com\/nota\/wp-json\/wp\/v2\/types\/post"}],"author":[{"embeddable":true,"href":"https:\/\/radiowebmx.com\/nota\/wp-json\/wp\/v2\/users\/2"}],"replies":[{"embeddable":true,"href":"https:\/\/radiowebmx.com\/nota\/wp-json\/wp\/v2\/comments?post=53893"}],"version-history":[{"count":1,"href":"https:\/\/radiowebmx.com\/nota\/wp-json\/wp\/v2\/posts\/53893\/revisions"}],"predecessor-version":[{"id":53895,"href":"https:\/\/radiowebmx.com\/nota\/wp-json\/wp\/v2\/posts\/53893\/revisions\/53895"}],"wp:featuredmedia":[{"embeddable":true,"href":"https:\/\/radiowebmx.com\/nota\/wp-json\/wp\/v2\/media\/53894"}],"wp:attachment":[{"href":"https:\/\/radiowebmx.com\/nota\/wp-json\/wp\/v2\/media?parent=53893"}],"wp:term":[{"taxonomy":"category","embeddable":true,"href":"https:\/\/radiowebmx.com\/nota\/wp-json\/wp\/v2\/categories?post=53893"},{"taxonomy":"post_tag","embeddable":true,"href":"https:\/\/radiowebmx.com\/nota\/wp-json\/wp\/v2\/tags?post=53893"}],"curies":[{"name":"wp","href":"https:\/\/api.w.org\/{rel}","templated":true}]}}