{"id":53882,"date":"2018-06-03T14:19:19","date_gmt":"2018-06-03T19:19:19","guid":{"rendered":"https:\/\/radiowebmx.com\/nota\/?p=53882"},"modified":"2018-06-04T14:23:05","modified_gmt":"2018-06-04T19:23:05","slug":"urge-la-descentralizacion-de-programas-culturales-por-ley-lupillo-aguilera","status":"publish","type":"post","link":"https:\/\/radiowebmx.com\/nota\/urge-la-descentralizacion-de-programas-culturales-por-ley-lupillo-aguilera\/","title":{"rendered":"Urge la descentralizaci\u00f3n de programas culturales por Ley: Lupillo Aguilera"},"content":{"rendered":"<p><img loading=\"lazy\" decoding=\"async\" class=\"\" src=\"https:\/\/attachment.outlook.live.net\/owa\/ultrapolitica@hotmail.com\/service.svc\/s\/GetAttachmentThumbnail?id=AQMkADAwATYwMAItODMyNi00ODU0LTAwAi0wMAoARgAAA5HawHgQuq9DrqMPu%2BRLC5sHANRV7lYdW%2FpNtd2j%2BEW2swoAAAIBDAAAANRV7lYdW%2FpNtd2j%2BEW2swoAAm59f6oAAAABEgAQALJtGKVrkaVOqxsIu72jQwY%3D&amp;thumbnailType=2&amp;X-OWA-CANARY=N1KYj7djokG16yhrR6k1irAA6DdQytUYlOv2KingG9G-MwC6bJ8XimAasz6S4inxqQRTVVM-r9k.&amp;token=eyJhbGciOiJSUzI1NiIsImtpZCI6IjA2MDBGOUY2NzQ2MjA3MzdFNzM0MDRFMjg3QzQ1QTgxOENCN0NFQjgiLCJ4NXQiOiJCZ0Q1OW5SaUJ6Zm5OQVRpaDhSYWdZeTN6cmciLCJ0eXAiOiJKV1QifQ.eyJ2ZXIiOiJFeGNoYW5nZS5DYWxsYmFjay5WMSIsImFwcGN0eHNlbmRlciI6Ik93YURvd25sb2FkQDg0ZGY5ZTdmLWU5ZjYtNDBhZi1iNDM1LWFhYWFhYWFhYWFhYSIsImFwcGN0eCI6IntcIm1zZXhjaHByb3RcIjpcIm93YVwiLFwicHJpbWFyeXNpZFwiOlwiUy0xLTI4MjctMzkzMjE2LTIyMDAzMjQxODBcIixcInB1aWRcIjpcIjE2ODg4NTIwNjA1ODgxMTZcIixcIm9pZFwiOlwiMDAwNjAwMDAtODMyNi00ODU0LTAwMDAtMDAwMDAwMDAwMDAwXCIsXCJzY29wZVwiOlwiT3dhRG93bmxvYWRcIn0iLCJuYmYiOjE1MjgxMzk4MDcsImV4cCI6MTUyODE0MDQwNywiaXNzIjoiMDAwMDAwMDItMDAwMC0wZmYxLWNlMDAtMDAwMDAwMDAwMDAwQDg0ZGY5ZTdmLWU5ZjYtNDBhZi1iNDM1LWFhYWFhYWFhYWFhYSIsImF1ZCI6IjAwMDAwMDAyLTAwMDAtMGZmMS1jZTAwLTAwMDAwMDAwMDAwMC9hdHRhY2htZW50Lm91dGxvb2subGl2ZS5uZXRAODRkZjllN2YtZTlmNi00MGFmLWI0MzUtYWFhYWFhYWFhYWFhIn0.eLoltSPpSiLSay-8zQSVeWFUI6dUYrGr8jy9NyySjcALMcOCzmXgQzpZjfxbF4UbhSXyq522zxjrYSUMo0UE31F-4TU4CDEaL0m-BckVkEMQP13gV4t1RzmzJoi3ZGT5_dfJf4NQBZ0d9AISqoG0TpT6F6revxsJySVJ6KF5BdPPYa-YoKNPqp5_H19Dotgd5ic-6wTQIK7jpjpTOAauJBTUTm-VmChdq8vYBjJwSkgLooQZf1dhHe7p9Z4GPNz6TIWlYh9x6T2M80Ui38o42y7iCz3w78Dz5YcoiN4d0qHe6Mppnfd_jV5Ir_9syuYNYNSUiWx4mqpaghgI2lpw7g&amp;owa=outlook.live.com&amp;isc=1\" width=\"401\" height=\"267\" \/><\/p>\n<ul>\n<li class=\"x_MsoNormal\"><b>Promover valores de identidad cultural que permitan la cohesi\u00f3n social<\/b><\/li>\n<\/ul>\n<p class=\"x_MsoNormal\">\n<p class=\"x_MsoNormal\">En M\u00e9xico es necesario fortalecer la diversidad cultural regional del pa\u00eds, por lo que resulta urgente la descentralizaci\u00f3n por Ley de los programas culturales, para estimular que las instituciones estatales y privadas sean copart\u00edcipes en el dise\u00f1o y financiamiento de las actividades culturales, apunt\u00f3 el profesor Lupillo Aguilera Rojas, candidato de la Coalici\u00f3n Por M\u00e9xico al Frente a la diputaci\u00f3n federal XI por el Distrito de P\u00e1tzcuaro.<\/p>\n<p class=\"x_MsoNormal\">El candidato por los partidos de la Revoluci\u00f3n Democr\u00e1tica (PRD), Acci\u00f3n Nacional (PAN) y Movimiento Ciudadano (MC) se\u00f1al\u00f3 que se debe acabar con la visi\u00f3n centralizada de la pol\u00edtica cultural en el pa\u00eds, la que ha privilegiado a la capital de la Rep\u00fablica por encima del resto de las regiones de M\u00e9xico pese a la enorme riqueza cultural de todas ellas.<\/p>\n<p class=\"x_MsoNormal\">Lupillo Aguilera apunt\u00f3 que desde el Congreso federal, promover\u00e1 valores de identidad cultural que permitan la cohesi\u00f3n social y el orgullo nacional, revalorando el profundo amor de los mexicanos por su cultura y tradiciones.<\/p>\n<p class=\"x_MsoNormal\">\u201cEn el distrito de P\u00e1tzcuaro tenemos bien claro la importancia de nuestra riqueza cultural, de nuestras tradiciones, porque no s\u00f3lo representan la manera en que vemos el mundo, sino tambi\u00e9n la forma en que nos relacionamos\u201d.<\/p>\n<p class=\"x_MsoNormal\">Resalt\u00f3 que en este contexto su tarea legislativa estar\u00e1 enfocada desde el \u00e1mbito de sus competencias a promover el desarrollo cultural y la creatividad entre la ni\u00f1ez y la juventud, por medio de la educaci\u00f3n y su participaci\u00f3n en eventos culturales.<\/p>\n<p class=\"x_MsoNormal\">\u201cEs urgente que por Ley se garantice la inversi\u00f3n en cultura, con participaci\u00f3n del sector p\u00fablico y privado, para llevar adelante intervenciones culturales en zonas marginadas para influir en la recuperaci\u00f3n de los espacios p\u00fablicos a trav\u00e9s de la generaci\u00f3n de cohesi\u00f3n social\u201d.<\/p>\n","protected":false},"excerpt":{"rendered":"<p>Promover valores de identidad cultural que permitan la cohesi\u00f3n social En M\u00e9xico es necesario fortalecer la diversidad cultural regional del pa\u00eds, por lo que resulta urgente la descentralizaci\u00f3n por Ley de los programas culturales, para estimular que las instituciones estatales y privadas sean copart\u00edcipes en el dise\u00f1o y financiamiento de las actividades culturales, apunt\u00f3 el [&hellip;]<\/p>\n","protected":false},"author":2,"featured_media":53883,"comment_status":"closed","ping_status":"closed","sticky":false,"template":"","format":"standard","meta":{"footnotes":""},"categories":[14,90],"tags":[],"class_list":["post-53882","post","type-post","status-publish","format-standard","has-post-thumbnail","hentry","category-destacadas","category-elecciones-2018"],"_links":{"self":[{"href":"https:\/\/radiowebmx.com\/nota\/wp-json\/wp\/v2\/posts\/53882","targetHints":{"allow":["GET"]}}],"collection":[{"href":"https:\/\/radiowebmx.com\/nota\/wp-json\/wp\/v2\/posts"}],"about":[{"href":"https:\/\/radiowebmx.com\/nota\/wp-json\/wp\/v2\/types\/post"}],"author":[{"embeddable":true,"href":"https:\/\/radiowebmx.com\/nota\/wp-json\/wp\/v2\/users\/2"}],"replies":[{"embeddable":true,"href":"https:\/\/radiowebmx.com\/nota\/wp-json\/wp\/v2\/comments?post=53882"}],"version-history":[{"count":1,"href":"https:\/\/radiowebmx.com\/nota\/wp-json\/wp\/v2\/posts\/53882\/revisions"}],"predecessor-version":[{"id":53884,"href":"https:\/\/radiowebmx.com\/nota\/wp-json\/wp\/v2\/posts\/53882\/revisions\/53884"}],"wp:featuredmedia":[{"embeddable":true,"href":"https:\/\/radiowebmx.com\/nota\/wp-json\/wp\/v2\/media\/53883"}],"wp:attachment":[{"href":"https:\/\/radiowebmx.com\/nota\/wp-json\/wp\/v2\/media?parent=53882"}],"wp:term":[{"taxonomy":"category","embeddable":true,"href":"https:\/\/radiowebmx.com\/nota\/wp-json\/wp\/v2\/categories?post=53882"},{"taxonomy":"post_tag","embeddable":true,"href":"https:\/\/radiowebmx.com\/nota\/wp-json\/wp\/v2\/tags?post=53882"}],"curies":[{"name":"wp","href":"https:\/\/api.w.org\/{rel}","templated":true}]}}