{"id":53879,"date":"2018-06-04T14:18:38","date_gmt":"2018-06-04T19:18:38","guid":{"rendered":"https:\/\/radiowebmx.com\/nota\/?p=53879"},"modified":"2018-06-04T14:18:38","modified_gmt":"2018-06-04T19:18:38","slug":"necesarias-medidas-eficaces-para-proteger-derechos-humanos-jose-rene-olivos","status":"publish","type":"post","link":"https:\/\/radiowebmx.com\/nota\/necesarias-medidas-eficaces-para-proteger-derechos-humanos-jose-rene-olivos\/","title":{"rendered":"Necesarias medidas eficaces para proteger derechos humanos: Jos\u00e9 Ren\u00e9 Olivos"},"content":{"rendered":"<p><img loading=\"lazy\" decoding=\"async\" class=\"\" src=\"https:\/\/attachment.outlook.live.net\/owa\/ultrapolitica@hotmail.com\/service.svc\/s\/GetAttachmentThumbnail?id=AQMkADAwATYwMAItODMyNi00ODU0LTAwAi0wMAoARgAAA5HawHgQuq9DrqMPu%2BRLC5sHANRV7lYdW%2FpNtd2j%2BEW2swoAAAIBDAAAANRV7lYdW%2FpNtd2j%2BEW2swoAAm59f78AAAABEgAQAJxysoUtc9dNqrKbYPKmlFY%3D&amp;thumbnailType=2&amp;X-OWA-CANARY=lObYMwJGw0qYoGay-JMuNODfhcpPytUYB1DfhoDMLyFsCLZj2N7IDeh29d-KZYjV16LNBWIg-aI.&amp;token=eyJhbGciOiJSUzI1NiIsImtpZCI6IjA2MDBGOUY2NzQ2MjA3MzdFNzM0MDRFMjg3QzQ1QTgxOENCN0NFQjgiLCJ4NXQiOiJCZ0Q1OW5SaUJ6Zm5OQVRpaDhSYWdZeTN6cmciLCJ0eXAiOiJKV1QifQ.eyJ2ZXIiOiJFeGNoYW5nZS5DYWxsYmFjay5WMSIsImFwcGN0eHNlbmRlciI6Ik93YURvd25sb2FkQDg0ZGY5ZTdmLWU5ZjYtNDBhZi1iNDM1LWFhYWFhYWFhYWFhYSIsImFwcGN0eCI6IntcIm1zZXhjaHByb3RcIjpcIm93YVwiLFwicHJpbWFyeXNpZFwiOlwiUy0xLTI4MjctMzkzMjE2LTIyMDAzMjQxODBcIixcInB1aWRcIjpcIjE2ODg4NTIwNjA1ODgxMTZcIixcIm9pZFwiOlwiMDAwNjAwMDAtODMyNi00ODU0LTAwMDAtMDAwMDAwMDAwMDAwXCIsXCJzY29wZVwiOlwiT3dhRG93bmxvYWRcIn0iLCJuYmYiOjE1MjgxMzk4MDcsImV4cCI6MTUyODE0MDQwNywiaXNzIjoiMDAwMDAwMDItMDAwMC0wZmYxLWNlMDAtMDAwMDAwMDAwMDAwQDg0ZGY5ZTdmLWU5ZjYtNDBhZi1iNDM1LWFhYWFhYWFhYWFhYSIsImF1ZCI6IjAwMDAwMDAyLTAwMDAtMGZmMS1jZTAwLTAwMDAwMDAwMDAwMC9hdHRhY2htZW50Lm91dGxvb2subGl2ZS5uZXRAODRkZjllN2YtZTlmNi00MGFmLWI0MzUtYWFhYWFhYWFhYWFhIn0.eLoltSPpSiLSay-8zQSVeWFUI6dUYrGr8jy9NyySjcALMcOCzmXgQzpZjfxbF4UbhSXyq522zxjrYSUMo0UE31F-4TU4CDEaL0m-BckVkEMQP13gV4t1RzmzJoi3ZGT5_dfJf4NQBZ0d9AISqoG0TpT6F6revxsJySVJ6KF5BdPPYa-YoKNPqp5_H19Dotgd5ic-6wTQIK7jpjpTOAauJBTUTm-VmChdq8vYBjJwSkgLooQZf1dhHe7p9Z4GPNz6TIWlYh9x6T2M80Ui38o42y7iCz3w78Dz5YcoiN4d0qHe6Mppnfd_jV5Ir_9syuYNYNSUiWx4mqpaghgI2lpw7g&amp;owa=outlook.live.com&amp;isc=1\" width=\"401\" height=\"272\" \/><\/p>\n<p>&nbsp;<\/p>\n<p class=\"x_MsoNormal\"><b>Morelia; Michoac\u00e1n, 4 de junio de 2018<\/b>.- El reto m\u00e1s grande que enfrenta el pa\u00eds, no es solo reconocer los derechos humanos, sino implementar medidas eficaces para protegerlos,\u00a0manifest\u00f3 el Dr. Jos\u00e9 Ren\u00e9 Olivos Campos, Magistrado del Tribunal Electoral del Estado de Michoac\u00e1n (TEEM), durante la presentaci\u00f3n de la V Edici\u00f3n del libro &#8220;Derechos Humanos y sus Garant\u00edas&#8221;, en el Sal\u00f3n de Recepciones del Poder Legislativo.<\/p>\n<p class=\"x_MsoNormal\">En ese sentido, los Poderes Ejecutivo, Legislativo y Judicial, deben continuar ese esfuerzo desde una perspectiva centrada en los derechos econ\u00f3micos, pol\u00edticos, sociales y culturales de las personas, se\u00f1al\u00f3 el autor.<\/p>\n<p class=\"x_MsoNormal\">Agreg\u00f3 que actualmente atravesamos una \u00e9poca de incertidumbre, en la que existe una brecha inconcebible entre pobreza y riqueza, que se agrava con otros factores como la corrupci\u00f3n e impunidad; por lo que es necesario fortalecer las capacidades institucionales y los instrumentos en materia de protecci\u00f3n a los derechos fundamentales.<\/p>\n<p class=\"x_MsoNormal\">En el evento organizado por el Instituto de Investigaci\u00f3n y Estudios Legislativos (IEEL), estuvieron presentes el diputado H\u00e9ctor G\u00f3mez, coordinador del grupo parlamentario del Partido Acci\u00f3n Nacional; Daniel Moncada, Subsecretario de Enlace Legislativo del Gobierno del Estado; Francisco Castelazo, Director del IIEL; as\u00ed como los magistrados Alejandro L\u00f3pez, Yolanda Camacho, Ignacio Hurtado presidente e integrantes respectivamente del TEEM.<\/p>\n<p class=\"x_MsoNormal\">Durante su participaci\u00f3n, el diputado H\u00e9ctor G\u00f3mez se\u00f1al\u00f3 que una de las mayores aportaciones del autor, es presentar una definici\u00f3n amplia, estructurada y actualizada de los derechos humanos, sustentada en las \u00faltimas reformas constitucionales, tratados internacionales y jurisprudencia emitida en la materia.<\/p>\n<p class=\"x_MsoNormal\">Asimismo, el autor desglosa de manera s\u00f3lida los derechos humanos contenidos en nuestro marco legal: igualdad, libertad, propiedad, seguridad, p\u00fablicos y sociales, en una aportaci\u00f3n que permitir\u00e1 a los estudiosos del derecho, conocer una versi\u00f3n ampliada de los mismos, adem\u00e1s de un panorama hist\u00f3rico, te\u00f3rico, normativo, constitucional y convencional, agreg\u00f3.<\/p>\n<p class=\"x_MsoNormal\">Por su parte, Francisco Castelazo apunt\u00f3 que el Congreso del Estado, en el ejercicio de sus atribuciones, debe construir legislaciones que permitan a la sociedad gozar plenamente de sus derechos humanos, as\u00ed como garantizar los principios de progresividad y no regresividad en la materia.<\/p>\n<p class=\"x_MsoNormal\">De igual forma, Daniel Moncada, se\u00f1al\u00f3 que el Estado mexicano tiene obligaciones torales en materia de derechos humanos, clasificadas por el autor como: promoci\u00f3n, respeto, protecci\u00f3n y garant\u00eda de los derechos humanos.<\/p>\n<p class=\"x_MsoNormal\">En M\u00e9xico tenemos un d\u00e9ficit en materia de derechos humanos, hoy podemos decir a partir de este texto, que la funci\u00f3n principal del Estado es garantizar, promover y respetar los derechos humanos en sus distintas clasificaciones, agreg\u00f3.<\/p>\n","protected":false},"excerpt":{"rendered":"<p>&nbsp; Morelia; Michoac\u00e1n, 4 de junio de 2018.- El reto m\u00e1s grande que enfrenta el pa\u00eds, no es solo reconocer los derechos humanos, sino implementar medidas eficaces para protegerlos,\u00a0manifest\u00f3 el Dr. Jos\u00e9 Ren\u00e9 Olivos Campos, Magistrado del Tribunal Electoral del Estado de Michoac\u00e1n (TEEM), durante la presentaci\u00f3n de la V Edici\u00f3n del libro &#8220;Derechos Humanos [&hellip;]<\/p>\n","protected":false},"author":2,"featured_media":53880,"comment_status":"closed","ping_status":"closed","sticky":false,"template":"","format":"standard","meta":{"footnotes":""},"categories":[6,14],"tags":[],"class_list":["post-53879","post","type-post","status-publish","format-standard","has-post-thumbnail","hentry","category-congreso-del-estado","category-destacadas"],"_links":{"self":[{"href":"https:\/\/radiowebmx.com\/nota\/wp-json\/wp\/v2\/posts\/53879","targetHints":{"allow":["GET"]}}],"collection":[{"href":"https:\/\/radiowebmx.com\/nota\/wp-json\/wp\/v2\/posts"}],"about":[{"href":"https:\/\/radiowebmx.com\/nota\/wp-json\/wp\/v2\/types\/post"}],"author":[{"embeddable":true,"href":"https:\/\/radiowebmx.com\/nota\/wp-json\/wp\/v2\/users\/2"}],"replies":[{"embeddable":true,"href":"https:\/\/radiowebmx.com\/nota\/wp-json\/wp\/v2\/comments?post=53879"}],"version-history":[{"count":1,"href":"https:\/\/radiowebmx.com\/nota\/wp-json\/wp\/v2\/posts\/53879\/revisions"}],"predecessor-version":[{"id":53881,"href":"https:\/\/radiowebmx.com\/nota\/wp-json\/wp\/v2\/posts\/53879\/revisions\/53881"}],"wp:featuredmedia":[{"embeddable":true,"href":"https:\/\/radiowebmx.com\/nota\/wp-json\/wp\/v2\/media\/53880"}],"wp:attachment":[{"href":"https:\/\/radiowebmx.com\/nota\/wp-json\/wp\/v2\/media?parent=53879"}],"wp:term":[{"taxonomy":"category","embeddable":true,"href":"https:\/\/radiowebmx.com\/nota\/wp-json\/wp\/v2\/categories?post=53879"},{"taxonomy":"post_tag","embeddable":true,"href":"https:\/\/radiowebmx.com\/nota\/wp-json\/wp\/v2\/tags?post=53879"}],"curies":[{"name":"wp","href":"https:\/\/api.w.org\/{rel}","templated":true}]}}