{"id":53873,"date":"2018-06-04T13:35:16","date_gmt":"2018-06-04T18:35:16","guid":{"rendered":"https:\/\/radiowebmx.com\/nota\/?p=53873"},"modified":"2018-06-04T13:35:16","modified_gmt":"2018-06-04T18:35:16","slug":"ganare-con-el-voto-libre-de-los-ciudadanos-cocoa-calderon","status":"publish","type":"post","link":"https:\/\/radiowebmx.com\/nota\/ganare-con-el-voto-libre-de-los-ciudadanos-cocoa-calderon\/","title":{"rendered":"Ganar\u00e9 con el voto libre de los ciudadanos: Cocoa Calder\u00f3n"},"content":{"rendered":"<p><img loading=\"lazy\" decoding=\"async\" class=\"\" src=\"https:\/\/attachment.outlook.live.net\/owa\/ultrapolitica@hotmail.com\/service.svc\/s\/GetAttachmentThumbnail?id=AQMkADAwATYwMAItODMyNi00ODU0LTAwAi0wMAoARgAAA5HawHgQuq9DrqMPu%2BRLC5sHANRV7lYdW%2FpNtd2j%2BEW2swoAAAIBIQAAANRV7lYdW%2FpNtd2j%2BEW2swoAAm59j1cAAAABEgAQANryt6j8ks1Gl7no6bzFrtU%3D&amp;thumbnailType=2&amp;X-OWA-CANARY=OV1MWM0nkU6emZz1ZFLguiCrS8NJytUYE3kwGgmUPVvklCO7btP_j6krYmZKDMQexG5n6KMmuE4.&amp;token=eyJhbGciOiJSUzI1NiIsImtpZCI6IjA2MDBGOUY2NzQ2MjA3MzdFNzM0MDRFMjg3QzQ1QTgxOENCN0NFQjgiLCJ4NXQiOiJCZ0Q1OW5SaUJ6Zm5OQVRpaDhSYWdZeTN6cmciLCJ0eXAiOiJKV1QifQ.eyJ2ZXIiOiJFeGNoYW5nZS5DYWxsYmFjay5WMSIsImFwcGN0eHNlbmRlciI6Ik93YURvd25sb2FkQDg0ZGY5ZTdmLWU5ZjYtNDBhZi1iNDM1LWFhYWFhYWFhYWFhYSIsImFwcGN0eCI6IntcIm1zZXhjaHByb3RcIjpcIm93YVwiLFwicHJpbWFyeXNpZFwiOlwiUy0xLTI4MjctMzkzMjE2LTIyMDAzMjQxODBcIixcInB1aWRcIjpcIjE2ODg4NTIwNjA1ODgxMTZcIixcIm9pZFwiOlwiMDAwNjAwMDAtODMyNi00ODU0LTAwMDAtMDAwMDAwMDAwMDAwXCIsXCJzY29wZVwiOlwiT3dhRG93bmxvYWRcIn0iLCJuYmYiOjE1MjgxMzcyMjAsImV4cCI6MTUyODEzNzgyMCwiaXNzIjoiMDAwMDAwMDItMDAwMC0wZmYxLWNlMDAtMDAwMDAwMDAwMDAwQDg0ZGY5ZTdmLWU5ZjYtNDBhZi1iNDM1LWFhYWFhYWFhYWFhYSIsImF1ZCI6IjAwMDAwMDAyLTAwMDAtMGZmMS1jZTAwLTAwMDAwMDAwMDAwMC9hdHRhY2htZW50Lm91dGxvb2subGl2ZS5uZXRAODRkZjllN2YtZTlmNi00MGFmLWI0MzUtYWFhYWFhYWFhYWFhIn0.PQ9ZjbYneTqajgMz2Vth5TPrissmAgO_qTSmr-C8i9EwugSq5npt2KE5xq7BhtPqOh_3TL7kI-rs7D2mUWgdECFhBj1d_EWW00U_rEjO9AQPesm5i9MpmnDQm8vivRg59wM5I-gTyLhwh3zGSsatmEipKGFkZWpItym0Ii9eJ5bn9Ghqs0Du7AupWZSWez3Hg9kCF8nZD3ROtuiggpnHmelcj0UIYzBdqfQTFkc3AIcRPThT73OpH14Q7VFRmPx9muR847LUtNVkaRkzZI5gVTuFok-fXyAp7FhCFyE_Vxblk6LKl5mn_dLuYtTNo69zKhkOGkaGwFc10Hk8_09MNw&amp;owa=outlook.live.com&amp;isc=1\" width=\"402\" height=\"268\" \/><\/p>\n<p>&nbsp;<\/p>\n<p class=\"x_MsoNormal\"><b>Morelia, a 04 de mayo de 2018<\/b>.- Tras asegurar que la fuerza de la ciudadan\u00eda le garantizar\u00e1 el triunfo el primero de julio, la candidata a Diputada Federal Independiente, Luisa Mar\u00eda Calder\u00f3n Hinojosa \u201cCocoa\u201d asegur\u00f3 que es el poder los ciudadanos su fortaleza, pues son ellos quienes marcar\u00e1n su agenda de trabajo desde el Congreso de la Uni\u00f3n. Y agreg\u00f3 que cuando se elige a gente con experiencia, capaz y honesta, podemos aspirar a tener congresos eficientes, adem\u00e1s de hacer gestiones m\u00e1s eficaces, tener mayor seguridad en nuestra colonia, mejores calles y m\u00e1s parques, entre muchos otros beneficios a la comunidad.<\/p>\n<p class=\"x_MsoNormal\">As\u00ed mismo, Calder\u00f3n Hinojosa manifest\u00f3 que la elecci\u00f3n la ganar\u00e1 y su experiencia le permitir\u00e1 garantizar a los ciudadanos que su trabajo ser\u00e1 honesto\u00a0\u00a0y transparente \u201cLo que yo les ofrezco adem\u00e1s de mi experiencia y honestidad es mi palabra, porque hay que ser muy congruentes en lo que decimos y hacemos, en los compromisos que asumimos, as\u00ed que no se dejen enga\u00f1ar por quienes les prometen todo; yo creo firmemente que el compromiso es una acci\u00f3n com\u00fan que tiene que ir acompa\u00f1ado de la vigilancia, pero m\u00e1s all\u00e1 de eso del acompa\u00f1amiento de los ciudadanos\u201d<\/p>\n<p class=\"x_MsoNormal\">En este sentido asegur\u00f3 \u201cel voto no se exige, se otorga de manera libre, as\u00ed que no se dejen enga\u00f1ar, que no les digan por quien votar, hoy vemos a candidatos que hacen campa\u00f1a por dos, tres y aveces hasta cuatro partidos, yo les pido a los ciudadanos que revisen sus historias y su trayectoria, que comparen las propuestas, porque estas elecciones ser\u00e1n hist\u00f3ricas y debemos tener un Congreso responsable y fuerte, debemos tener Diputados Federales que representen la voz de los ciudadanos, y yo pongo a disposici\u00f3n de la ciudadan\u00eda, mis valores, trabajo, capacidad y experiencia al servicio de tu colonia, municipio y de M\u00e9xico\u201d.<\/p>\n","protected":false},"excerpt":{"rendered":"<p>&nbsp; Morelia, a 04 de mayo de 2018.- Tras asegurar que la fuerza de la ciudadan\u00eda le garantizar\u00e1 el triunfo el primero de julio, la candidata a Diputada Federal Independiente, Luisa Mar\u00eda Calder\u00f3n Hinojosa \u201cCocoa\u201d asegur\u00f3 que es el poder los ciudadanos su fortaleza, pues son ellos quienes marcar\u00e1n su agenda de trabajo desde el [&hellip;]<\/p>\n","protected":false},"author":2,"featured_media":53874,"comment_status":"closed","ping_status":"closed","sticky":false,"template":"","format":"standard","meta":{"footnotes":""},"categories":[14,90],"tags":[],"class_list":["post-53873","post","type-post","status-publish","format-standard","has-post-thumbnail","hentry","category-destacadas","category-elecciones-2018"],"_links":{"self":[{"href":"https:\/\/radiowebmx.com\/nota\/wp-json\/wp\/v2\/posts\/53873","targetHints":{"allow":["GET"]}}],"collection":[{"href":"https:\/\/radiowebmx.com\/nota\/wp-json\/wp\/v2\/posts"}],"about":[{"href":"https:\/\/radiowebmx.com\/nota\/wp-json\/wp\/v2\/types\/post"}],"author":[{"embeddable":true,"href":"https:\/\/radiowebmx.com\/nota\/wp-json\/wp\/v2\/users\/2"}],"replies":[{"embeddable":true,"href":"https:\/\/radiowebmx.com\/nota\/wp-json\/wp\/v2\/comments?post=53873"}],"version-history":[{"count":1,"href":"https:\/\/radiowebmx.com\/nota\/wp-json\/wp\/v2\/posts\/53873\/revisions"}],"predecessor-version":[{"id":53875,"href":"https:\/\/radiowebmx.com\/nota\/wp-json\/wp\/v2\/posts\/53873\/revisions\/53875"}],"wp:featuredmedia":[{"embeddable":true,"href":"https:\/\/radiowebmx.com\/nota\/wp-json\/wp\/v2\/media\/53874"}],"wp:attachment":[{"href":"https:\/\/radiowebmx.com\/nota\/wp-json\/wp\/v2\/media?parent=53873"}],"wp:term":[{"taxonomy":"category","embeddable":true,"href":"https:\/\/radiowebmx.com\/nota\/wp-json\/wp\/v2\/categories?post=53873"},{"taxonomy":"post_tag","embeddable":true,"href":"https:\/\/radiowebmx.com\/nota\/wp-json\/wp\/v2\/tags?post=53873"}],"curies":[{"name":"wp","href":"https:\/\/api.w.org\/{rel}","templated":true}]}}