{"id":53870,"date":"2018-06-03T14:07:15","date_gmt":"2018-06-03T19:07:15","guid":{"rendered":"https:\/\/radiowebmx.com\/nota\/?p=53870"},"modified":"2018-06-04T13:22:10","modified_gmt":"2018-06-04T18:22:10","slug":"andrea-villanueva-se-compromete-a-trabajar-por-la-primera-infancia","status":"publish","type":"post","link":"https:\/\/radiowebmx.com\/nota\/andrea-villanueva-se-compromete-a-trabajar-por-la-primera-infancia\/","title":{"rendered":"Andrea Villanueva se compromete a trabajar por la primera infancia"},"content":{"rendered":"<p><strong>Morelia, Michoac\u00e1n<\/strong>.- Al considerar trascendental el trabajo que empieza desde la sociedad y el gobierno para la\u00a0<strong>reconstrucci\u00f3n del tejido<\/strong>\u00a0social, la candidata a diputada local del Distrito 17 de Morelia,\u00a0<strong>Andrea Villanueva Cano<\/strong>, se comprometi\u00f3 a trabajar por la\u00a0<strong>primera infancia<\/strong>\u00a0de Michoac\u00e1n.<\/p>\n<p>Expuso que los ni\u00f1os que tienen un buen comienzo en su vida, van a crecer sanos, con buenas habilidades sociales y emocionales, adem\u00e1s de tener un mejor desempe\u00f1o escolar.<\/p>\n<p>Todo esto, asegur\u00f3, es sin duda la mejor manera de pronosticar un mejor futuro para nuestras comunidades, previniendo y erradicando problemas como las adicciones, la inseguridad y la falta de oportunidades para el desarrollo de cualquier individuo.<\/p>\n<p>Una de las propuestas que busca implementar la hoy aspirante, es la instauraci\u00f3n de centros de estimulaci\u00f3n temprana en todos los DIF municipales del estado, en donde con la participaci\u00f3n de los padres de familia, se le brinde a cualquier ni\u00f1o menor a los 6 a\u00f1os, las herramientas de estimulaci\u00f3n necesarias para un desarrollo integral del menor.<\/p>\n<p>Para ello y no obstante que ya existe una legislaci\u00f3n en el estado, a\u00fan hace falta fortalecer dicho marco legal, ello con la finalidad de garantizar que se ejecute de manera correcta por parte de las instancias responsables, adem\u00e1s de ampliar su efectividad, detall\u00f3 la candidata.<\/p>\n<p>Con estas y otras acciones, Andrea Villanueva refrend\u00f3 que su principal motivaci\u00f3n, es brindarle a esta ciudad y a todo el estado, una nueva visi\u00f3n sobre la importancia de cuidar y proteger a nuestros ni\u00f1os y j\u00f3venes, pues de ellos depender\u00e1 el futuro de nuestra sociedad.<\/p>\n","protected":false},"excerpt":{"rendered":"<p>Morelia, Michoac\u00e1n.- Al considerar trascendental el trabajo que empieza desde la sociedad y el gobierno para la\u00a0reconstrucci\u00f3n del tejido\u00a0social, la candidata a diputada local del Distrito 17 de Morelia,\u00a0Andrea Villanueva Cano, se comprometi\u00f3 a trabajar por la\u00a0primera infancia\u00a0de Michoac\u00e1n. Expuso que los ni\u00f1os que tienen un buen comienzo en su vida, van a crecer sanos, [&hellip;]<\/p>\n","protected":false},"author":2,"featured_media":53871,"comment_status":"closed","ping_status":"closed","sticky":false,"template":"","format":"standard","meta":{"footnotes":""},"categories":[14,90],"tags":[],"class_list":["post-53870","post","type-post","status-publish","format-standard","has-post-thumbnail","hentry","category-destacadas","category-elecciones-2018"],"_links":{"self":[{"href":"https:\/\/radiowebmx.com\/nota\/wp-json\/wp\/v2\/posts\/53870","targetHints":{"allow":["GET"]}}],"collection":[{"href":"https:\/\/radiowebmx.com\/nota\/wp-json\/wp\/v2\/posts"}],"about":[{"href":"https:\/\/radiowebmx.com\/nota\/wp-json\/wp\/v2\/types\/post"}],"author":[{"embeddable":true,"href":"https:\/\/radiowebmx.com\/nota\/wp-json\/wp\/v2\/users\/2"}],"replies":[{"embeddable":true,"href":"https:\/\/radiowebmx.com\/nota\/wp-json\/wp\/v2\/comments?post=53870"}],"version-history":[{"count":1,"href":"https:\/\/radiowebmx.com\/nota\/wp-json\/wp\/v2\/posts\/53870\/revisions"}],"predecessor-version":[{"id":53872,"href":"https:\/\/radiowebmx.com\/nota\/wp-json\/wp\/v2\/posts\/53870\/revisions\/53872"}],"wp:featuredmedia":[{"embeddable":true,"href":"https:\/\/radiowebmx.com\/nota\/wp-json\/wp\/v2\/media\/53871"}],"wp:attachment":[{"href":"https:\/\/radiowebmx.com\/nota\/wp-json\/wp\/v2\/media?parent=53870"}],"wp:term":[{"taxonomy":"category","embeddable":true,"href":"https:\/\/radiowebmx.com\/nota\/wp-json\/wp\/v2\/categories?post=53870"},{"taxonomy":"post_tag","embeddable":true,"href":"https:\/\/radiowebmx.com\/nota\/wp-json\/wp\/v2\/tags?post=53870"}],"curies":[{"name":"wp","href":"https:\/\/api.w.org\/{rel}","templated":true}]}}