{"id":53864,"date":"2018-06-03T15:22:16","date_gmt":"2018-06-03T20:22:16","guid":{"rendered":"https:\/\/radiowebmx.com\/nota\/?p=53864"},"modified":"2018-06-04T13:09:56","modified_gmt":"2018-06-04T18:09:56","slug":"morelia-sera-referente-de-mobilidad-urbana-sustentable-carlos-quintana","status":"publish","type":"post","link":"https:\/\/radiowebmx.com\/nota\/morelia-sera-referente-de-mobilidad-urbana-sustentable-carlos-quintana\/","title":{"rendered":"Morelia ser\u00e1 referente de mobilidad urbana sustentable: Carlos Quintana"},"content":{"rendered":"<p><strong>Morelia, Michoac\u00e1n<\/strong>.- Tenemos que trabajar muy fuerte por una educaci\u00f3n vial y cultura por el impulso al deporte para mejorar y transformar nuestra ciudad, destac\u00f3\u00a0<strong>Carlos Quintana Mart\u00ednez,<\/strong>\u00a0candidato a presidente municipal de la coalici\u00f3n \u201cPor Morelia al Frente\u201d, durante la firma de acuerdos y compromisos para una Agenda de Movilidad Urbana.<\/p>\n<p>En el marco del d\u00eda mundial de la bicicleta, Quintana Mart\u00ednez firm\u00f3 la\u00a0<strong>Agenda de Movilidad Urbana<\/strong>\u00a0acompa\u00f1ado de su familia, planilla encabezada por la candidata a S\u00edndico, Minerva Bautista, donde celebr\u00f3 el inter\u00e9s de las asociaciones civiles como \u201cBicivil\u00edzate\u201d por convocar a este tipo de actividades que fomentan un sano desarrollo y esparcimiento, que puede disfrutarse en familia, adem\u00e1s de alejar a los ni\u00f1os y j\u00f3venes de la delincuencia.<\/p>\n<p>El candidato por la coalici\u00f3n integrada por el Partido de la Revoluci\u00f3n Democr\u00e1tica, Partido Acci\u00f3n Nacional y Movimiento Ciudadano, asever\u00f3 que parte de su gabinete tendr\u00e1 que utilizar por lo menos una vez a la semana un medio alternativo de transporte, como la bicicleta, para aportar a un ambiente m\u00e1s sano.<\/p>\n<p>Agradeci\u00f3 el apoyo a los asistentes y se comprometi\u00f3 a trabajar de la mano con los candidatos al senado y diputaci\u00f3n para mejorar la infraestructura del deporte que aporta a la salud y al medio ambiente.<\/p>\n<p>Quintana Mart\u00ednez manifest\u00f3 que la \u00fanica forma de lograr conquistar las urnas es con el trabajo constante, convenciendo a la poblaci\u00f3n de que es el proyecto m\u00e1s s\u00f3lido, con propuestas realizadas en conjunto con los morelianos y basadas en necesidades reales.<\/p>\n<p>Este acuerdo comprende el impulso de la movilidad urbana, donde se resuelvan los problemas del aprovechamiento del espacio p\u00fablico, tiempos de traslado y contaminaci\u00f3n, causada por las pocas alternativas de medios de transporte sustentable.<\/p>\n<p>Basado en cinco puntos, este acuerdo integra el equipamiento de la infraestructura y seguridad vial, un desarrollo urbano que mejore la calidad de vida de las personas, desalentar el uso del autom\u00f3vil y un transporte p\u00fablico eficiente y accesible.<\/p>\n<p>A la firma acudieron tambi\u00e9n Minerva Bautista, candidata a s\u00edndico; Antonio Garc\u00eda Conejo, candidato a senador; Andrea Villanueva Cano, candidata a diputada local por el distrito 17; Omega V\u00e1zquez, candidata a diputada local por el distrito 10; Javier Palafox, candidato local por el distrito 11; Jonathan Sanata, candidato a diputado local por el distrito 16; Miguel \u00c1ngel Villegas, candidato a diputado federal por el distrito 10.<\/p>\n","protected":false},"excerpt":{"rendered":"<p>Morelia, Michoac\u00e1n.- Tenemos que trabajar muy fuerte por una educaci\u00f3n vial y cultura por el impulso al deporte para mejorar y transformar nuestra ciudad, destac\u00f3\u00a0Carlos Quintana Mart\u00ednez,\u00a0candidato a presidente municipal de la coalici\u00f3n \u201cPor Morelia al Frente\u201d, durante la firma de acuerdos y compromisos para una Agenda de Movilidad Urbana. En el marco del d\u00eda [&hellip;]<\/p>\n","protected":false},"author":2,"featured_media":53865,"comment_status":"closed","ping_status":"closed","sticky":false,"template":"","format":"standard","meta":{"footnotes":""},"categories":[14,90],"tags":[],"class_list":["post-53864","post","type-post","status-publish","format-standard","has-post-thumbnail","hentry","category-destacadas","category-elecciones-2018"],"_links":{"self":[{"href":"https:\/\/radiowebmx.com\/nota\/wp-json\/wp\/v2\/posts\/53864","targetHints":{"allow":["GET"]}}],"collection":[{"href":"https:\/\/radiowebmx.com\/nota\/wp-json\/wp\/v2\/posts"}],"about":[{"href":"https:\/\/radiowebmx.com\/nota\/wp-json\/wp\/v2\/types\/post"}],"author":[{"embeddable":true,"href":"https:\/\/radiowebmx.com\/nota\/wp-json\/wp\/v2\/users\/2"}],"replies":[{"embeddable":true,"href":"https:\/\/radiowebmx.com\/nota\/wp-json\/wp\/v2\/comments?post=53864"}],"version-history":[{"count":1,"href":"https:\/\/radiowebmx.com\/nota\/wp-json\/wp\/v2\/posts\/53864\/revisions"}],"predecessor-version":[{"id":53866,"href":"https:\/\/radiowebmx.com\/nota\/wp-json\/wp\/v2\/posts\/53864\/revisions\/53866"}],"wp:featuredmedia":[{"embeddable":true,"href":"https:\/\/radiowebmx.com\/nota\/wp-json\/wp\/v2\/media\/53865"}],"wp:attachment":[{"href":"https:\/\/radiowebmx.com\/nota\/wp-json\/wp\/v2\/media?parent=53864"}],"wp:term":[{"taxonomy":"category","embeddable":true,"href":"https:\/\/radiowebmx.com\/nota\/wp-json\/wp\/v2\/categories?post=53864"},{"taxonomy":"post_tag","embeddable":true,"href":"https:\/\/radiowebmx.com\/nota\/wp-json\/wp\/v2\/tags?post=53864"}],"curies":[{"name":"wp","href":"https:\/\/api.w.org\/{rel}","templated":true}]}}