{"id":5385,"date":"2014-02-10T10:33:54","date_gmt":"2014-02-10T16:33:54","guid":{"rendered":"https:\/\/radiowebmx.com\/nota\/?p=5385"},"modified":"2014-02-10T10:33:54","modified_gmt":"2014-02-10T16:33:54","slug":"a-pensar-en-el-bien-de-michoacan-antes-que-en-situaciones-electorales-o-personales-llama-fausto-vallejo","status":"publish","type":"post","link":"https:\/\/radiowebmx.com\/nota\/a-pensar-en-el-bien-de-michoacan-antes-que-en-situaciones-electorales-o-personales-llama-fausto-vallejo\/","title":{"rendered":"A PENSAR EN EL BIEN DE MICHOAC\u00c1N ANTES QUE EN SITUACIONES ELECTORALES O PERSONALES, LLAMA FAUSTO VALLEJO"},"content":{"rendered":"<p><a href=\"https:\/\/radiowebmx.com\/nota\/wp-content\/uploads\/2014\/02\/DSC_7583.jpg\"><img loading=\"lazy\" decoding=\"async\" class=\"alignleft size-full wp-image-5386\" alt=\"DSC_7583\" src=\"https:\/\/radiowebmx.com\/nota\/wp-content\/uploads\/2014\/02\/DSC_7583.jpg\" width=\"591\" height=\"304\" \/><\/a>El gobernador del estado Fausto Vallejo Figueroa, invit\u00f3 a la sociedad a pensar en el bienestar de Michoac\u00e1n antes que situaciones electorales o personales, para construir el futuro que todos requerimos.<\/p>\n<p>\u201cEs el momento de Michoac\u00e1n, nunca como antes se ha presentado esta coyuntura, vamos a sumarnos a la disposici\u00f3n del presidente de la Rep\u00fablica Enrique Pe\u00f1a Nieto; juntos lo podemos lograr, Michoac\u00e1n es compromiso de todos\u201d, pronunci\u00f3.<\/p>\n<p>En el marco del segundo informe de trabajo de los diputados locales de la fracci\u00f3n parlamentaria del Partido Acci\u00f3n Nacional, al hacer uso de la tribuna, el jefe del Ejecutivo estatal reconoci\u00f3 el trabajo y lealtad para Michoac\u00e1n de los legisladores, que dijo, realizan \u201csin mezquindades, sin prejuicios, sin partidismos\u201d.<\/p>\n<p>Fausto Vallejo comprometi\u00f3 a reunirse con el grupo parlamentario de Acci\u00f3n Nacional una vez al mes, para tratar de empatar las agendas legislativas y ver c\u00f3mo se relanza el Acuerdo por Michoac\u00e1n.<\/p>\n<p>Tambi\u00e9n, Vallejo Figueroa felicit\u00f3 a quienes son cr\u00edticos pero responsables, son cr\u00edticos pero constructivos y trabajan por fortalecer a las instituciones, \u201cno las vienen a denigrar, nos las vienen a debilitar, como quisieran algunos actores pol\u00edticos que no les conviene la transparencia, el orden, la prosperidad y la tranquilidad de Michoac\u00e1n\u201d.<\/p>\n<p>Acompa\u00f1\u00f3 al gobernador del estado en este evento, el secretario de Gobierno, Jes\u00fas Reyna Garc\u00eda.<\/p>\n<p>&nbsp;<\/p>\n","protected":false},"excerpt":{"rendered":"<p>El gobernador del estado Fausto Vallejo Figueroa, invit\u00f3 a la sociedad a pensar en el bienestar de Michoac\u00e1n antes que situaciones electorales o personales, para construir el futuro que todos requerimos.<\/p>\n","protected":false},"author":1,"featured_media":0,"comment_status":"open","ping_status":"open","sticky":false,"template":"","format":"standard","meta":{"footnotes":""},"categories":[14,3],"tags":[],"class_list":["post-5385","post","type-post","status-publish","format-standard","hentry","category-destacadas","category-gobierno-del-estado-de-michoacan"],"_links":{"self":[{"href":"https:\/\/radiowebmx.com\/nota\/wp-json\/wp\/v2\/posts\/5385","targetHints":{"allow":["GET"]}}],"collection":[{"href":"https:\/\/radiowebmx.com\/nota\/wp-json\/wp\/v2\/posts"}],"about":[{"href":"https:\/\/radiowebmx.com\/nota\/wp-json\/wp\/v2\/types\/post"}],"author":[{"embeddable":true,"href":"https:\/\/radiowebmx.com\/nota\/wp-json\/wp\/v2\/users\/1"}],"replies":[{"embeddable":true,"href":"https:\/\/radiowebmx.com\/nota\/wp-json\/wp\/v2\/comments?post=5385"}],"version-history":[{"count":1,"href":"https:\/\/radiowebmx.com\/nota\/wp-json\/wp\/v2\/posts\/5385\/revisions"}],"predecessor-version":[{"id":5387,"href":"https:\/\/radiowebmx.com\/nota\/wp-json\/wp\/v2\/posts\/5385\/revisions\/5387"}],"wp:attachment":[{"href":"https:\/\/radiowebmx.com\/nota\/wp-json\/wp\/v2\/media?parent=5385"}],"wp:term":[{"taxonomy":"category","embeddable":true,"href":"https:\/\/radiowebmx.com\/nota\/wp-json\/wp\/v2\/categories?post=5385"},{"taxonomy":"post_tag","embeddable":true,"href":"https:\/\/radiowebmx.com\/nota\/wp-json\/wp\/v2\/tags?post=5385"}],"curies":[{"name":"wp","href":"https:\/\/api.w.org\/{rel}","templated":true}]}}