{"id":53849,"date":"2018-06-02T18:12:29","date_gmt":"2018-06-02T23:12:29","guid":{"rendered":"https:\/\/radiowebmx.com\/nota\/?p=53849"},"modified":"2018-06-04T12:13:29","modified_gmt":"2018-06-04T17:13:29","slug":"suma-de-esfuerzos-para-recuperar-valores-sociales-gobernador","status":"publish","type":"post","link":"https:\/\/radiowebmx.com\/nota\/suma-de-esfuerzos-para-recuperar-valores-sociales-gobernador\/","title":{"rendered":"Suma de esfuerzos, para recuperar valores sociales: Gobernador"},"content":{"rendered":"<p><img loading=\"lazy\" decoding=\"async\" class=\"\" src=\"http:\/\/michoacan.gob.mx\/wp-content\/uploads\/2018\/06\/09ba4c02-34f0-4b45-98f4-7c422c0e3abb.jpeg\" width=\"401\" height=\"267\" \/><\/p>\n<p>&nbsp;<\/p>\n<p><strong>Morelia, Michoac\u00e1n, a 2 de junio de 2018.-<\/strong>\u00a0El Gobernador Silvano Aureoles Conejo se reuni\u00f3 esta tarde con el arzobispo de Morelia, monse\u00f1or Carlos Garfias Merlos, con quien dialog\u00f3 en torno al contexto actual de Michoac\u00e1n y del pa\u00eds, as\u00ed como de la importancia de seguir sumando esfuerzos con todos los sectores de la sociedad.<\/p>\n<p>Acompa\u00f1ado de la coordinadora general de Comunicaci\u00f3n Social, Julieta L\u00f3pez Bautista, as\u00ed como del jefe de Oficina del Gobernador, Erick L\u00f3pez Barriga y en presencia de otros integrantes de la Arquidi\u00f3cesis de Morelia, el mandatario michoacano reiter\u00f3 su convocatoria a todos los sectores sociales, incluida la Iglesia, y con respeto a la laicidad del Estado, para trabajar unidos en la recuperaci\u00f3n de los valores familiares para consolidar un Michoac\u00e1n de paz y prosperidad.<\/p>\n","protected":false},"excerpt":{"rendered":"<p>&nbsp; Morelia, Michoac\u00e1n, a 2 de junio de 2018.-\u00a0El Gobernador Silvano Aureoles Conejo se reuni\u00f3 esta tarde con el arzobispo de Morelia, monse\u00f1or Carlos Garfias Merlos, con quien dialog\u00f3 en torno al contexto actual de Michoac\u00e1n y del pa\u00eds, as\u00ed como de la importancia de seguir sumando esfuerzos con todos los sectores de la sociedad. [&hellip;]<\/p>\n","protected":false},"author":2,"featured_media":53850,"comment_status":"closed","ping_status":"closed","sticky":false,"template":"","format":"standard","meta":{"footnotes":""},"categories":[14,3,60],"tags":[],"class_list":["post-53849","post","type-post","status-publish","format-standard","has-post-thumbnail","hentry","category-destacadas","category-gobierno-del-estado-de-michoacan","category-michoacan"],"_links":{"self":[{"href":"https:\/\/radiowebmx.com\/nota\/wp-json\/wp\/v2\/posts\/53849","targetHints":{"allow":["GET"]}}],"collection":[{"href":"https:\/\/radiowebmx.com\/nota\/wp-json\/wp\/v2\/posts"}],"about":[{"href":"https:\/\/radiowebmx.com\/nota\/wp-json\/wp\/v2\/types\/post"}],"author":[{"embeddable":true,"href":"https:\/\/radiowebmx.com\/nota\/wp-json\/wp\/v2\/users\/2"}],"replies":[{"embeddable":true,"href":"https:\/\/radiowebmx.com\/nota\/wp-json\/wp\/v2\/comments?post=53849"}],"version-history":[{"count":1,"href":"https:\/\/radiowebmx.com\/nota\/wp-json\/wp\/v2\/posts\/53849\/revisions"}],"predecessor-version":[{"id":53851,"href":"https:\/\/radiowebmx.com\/nota\/wp-json\/wp\/v2\/posts\/53849\/revisions\/53851"}],"wp:featuredmedia":[{"embeddable":true,"href":"https:\/\/radiowebmx.com\/nota\/wp-json\/wp\/v2\/media\/53850"}],"wp:attachment":[{"href":"https:\/\/radiowebmx.com\/nota\/wp-json\/wp\/v2\/media?parent=53849"}],"wp:term":[{"taxonomy":"category","embeddable":true,"href":"https:\/\/radiowebmx.com\/nota\/wp-json\/wp\/v2\/categories?post=53849"},{"taxonomy":"post_tag","embeddable":true,"href":"https:\/\/radiowebmx.com\/nota\/wp-json\/wp\/v2\/tags?post=53849"}],"curies":[{"name":"wp","href":"https:\/\/api.w.org\/{rel}","templated":true}]}}