{"id":53828,"date":"2018-06-03T15:28:36","date_gmt":"2018-06-03T20:28:36","guid":{"rendered":"https:\/\/radiowebmx.com\/nota\/?p=53828"},"modified":"2018-06-04T10:52:36","modified_gmt":"2018-06-04T15:52:36","slug":"creara-fausto-vallejo-figueroa-secretaria-de-desarrollo-rural-integral-para-la-atencion-de-este-sector","status":"publish","type":"post","link":"https:\/\/radiowebmx.com\/nota\/creara-fausto-vallejo-figueroa-secretaria-de-desarrollo-rural-integral-para-la-atencion-de-este-sector\/","title":{"rendered":"Crear\u00e1 Fausto Vallejo Figueroa Secretar\u00eda de Desarrollo Rural Integral para la atenci\u00f3n de este sector"},"content":{"rendered":"<p><img loading=\"lazy\" decoding=\"async\" class=\"\" src=\"https:\/\/attachment.outlook.live.net\/owa\/ultrapolitica@hotmail.com\/service.svc\/s\/GetAttachmentThumbnail?id=AQMkADAwATYwMAItODMyNi00ODU0LTAwAi0wMAoARgAAA5HawHgQuq9DrqMPu%2BRLC5sHANRV7lYdW%2FpNtd2j%2BEW2swoAAAIBDAAAANRV7lYdW%2FpNtd2j%2BEW2swoAAm59f60AAAABEgAQANiWyXma3pJMm%2BlZEoYeHgBU&amp;thumbnailType=2&amp;X-OWA-CANARY=wGBQfAr3GkOLPOIPXFIkmZBuC_wyytUYpX5uv4_BHUavvfuekQO7aKrM-Bkc6mr02NSSEMTePzE.&amp;token=eyJhbGciOiJSUzI1NiIsImtpZCI6IjA2MDBGOUY2NzQ2MjA3MzdFNzM0MDRFMjg3QzQ1QTgxOENCN0NFQjgiLCJ4NXQiOiJCZ0Q1OW5SaUJ6Zm5OQVRpaDhSYWdZeTN6cmciLCJ0eXAiOiJKV1QifQ.eyJ2ZXIiOiJFeGNoYW5nZS5DYWxsYmFjay5WMSIsImFwcGN0eHNlbmRlciI6Ik93YURvd25sb2FkQDg0ZGY5ZTdmLWU5ZjYtNDBhZi1iNDM1LWFhYWFhYWFhYWFhYSIsImFwcGN0eCI6IntcIm1zZXhjaHByb3RcIjpcIm93YVwiLFwicHJpbWFyeXNpZFwiOlwiUy0xLTI4MjctMzkzMjE2LTIyMDAzMjQxODBcIixcInB1aWRcIjpcIjE2ODg4NTIwNjA1ODgxMTZcIixcIm9pZFwiOlwiMDAwNjAwMDAtODMyNi00ODU0LTAwMDAtMDAwMDAwMDAwMDAwXCIsXCJzY29wZVwiOlwiT3dhRG93bmxvYWRcIn0iLCJuYmYiOjE1MjgxMjcyNjEsImV4cCI6MTUyODEyNzg2MSwiaXNzIjoiMDAwMDAwMDItMDAwMC0wZmYxLWNlMDAtMDAwMDAwMDAwMDAwQDg0ZGY5ZTdmLWU5ZjYtNDBhZi1iNDM1LWFhYWFhYWFhYWFhYSIsImF1ZCI6IjAwMDAwMDAyLTAwMDAtMGZmMS1jZTAwLTAwMDAwMDAwMDAwMC9hdHRhY2htZW50Lm91dGxvb2subGl2ZS5uZXRAODRkZjllN2YtZTlmNi00MGFmLWI0MzUtYWFhYWFhYWFhYWFhIn0.JNIRHI04pNXEVzZNM7oMZWs2SPJf1sRy_-VtRDmYamy9oevtr_qYnJ-bJqStsOMxgZVA1H0sIjWLIRCdTXGZUDzITvvQY0rMc904sO7dbk5kx4hmE0MZaOFMmJuMROYcJLeqXn-nvcqyrX3JLGvQ9ah235KYy51-aYpqsF9HaGKi1pMSZ7vnfoTOnIIc_QcTH--Jy-9eY_LbcTIu357_XokezN-bj_toiUfP3cnk280DYpCukVFQY90GMrVMN5djPfMIJqp6PO8Izn3kkWrMWHr-KJDpDmDn3G9tIKsFCVwHRTkpeAQ_9Saz04P3zlYDmS2JBkJAzCWHmT0CABZKPw&amp;owa=outlook.live.com&amp;isc=1\" width=\"401\" height=\"267\" \/><\/p>\n<p>&nbsp;<\/p>\n<p class=\"x_gmail-MsoNoSpacing\"><strong>\u00b7\u00a0\u00a0\u00a0\u00a0\u00a0\u00a0\u00a0\u00a0\u00a0Seguridad y obras de impacto social los compromisos del ex edil con la zona rural<\/strong><\/p>\n<p class=\"x_gmail-MsoNoSpacing\">\n<p class=\"x_gmail-MsoNoSpacing\"><b>Morelia, Mich., a 3 de junio de 2018.-<\/b>\u00a0Fausto Vallejo Figueroa, candidato a la Presidencia Municipal por el Partido Encuentro Social (PES), lleg\u00f3 hasta las tenencias y comunidades rurales que se encuentran en los l\u00edmites de Morelia con Villa Madero, Tzitzito y Charo para constatar que durante las \u00faltimas administraciones no se realizaron obras de impacto social en esta zona, por ello dijo se crear\u00e1 la Secretar\u00eda de Desarrollo Rural Integral, donde los campesinos podr\u00e1n hacer los tr\u00e1mites correspondientes para acceder a los apoyos gubernamentales.<\/p>\n<p class=\"x_gmail-MsoNoSpacing\">De acuerdo con las denuncias hechas por los propios habitantes de las comunidades de Tumbisca, Ichaqueo, San Jos\u00e9 de las Torres, La Torrecilla, Agua Escondida y Rio Bello, el Ayuntamiento saliente se desentendi\u00f3 del campo y desconoce cu\u00e1les son las principales necesidades de este sector, el actual alcalde con licencia no regres\u00f3 a estas localidades para conocer las necesidades de los pobladores como pavimentaci\u00f3n de caminos, drenajes, agua potable y seguridad, adem\u00e1s de que sus funcionarios les cerraron las puertas a los representantes comunales.<\/p>\n<p class=\"x_gmail-MsoNoSpacing\">En este sentido, el jefe de tenencia de Jes\u00fas del Monte, Jos\u00e9 Manuel Hern\u00e1ndez Helguera, expuso que a pesar de que se llevaron diversas solicitudes al Ayuntamiento para la realizaci\u00f3n de obras peque\u00f1as para las diferentes comunidades, \u201cninguna se concret\u00f3 y no fue por falta de trabajo de nosotros sino porque nos cerraron las puertas de Palacio Municipal\u201d, asever\u00f3.<\/p>\n<p class=\"x_gmail-MsoNoSpacing\">De manera particular, advirti\u00f3 que en R\u00edo Bello existe el grave problema de la contaminaci\u00f3n del agua, situaci\u00f3n que tampoco ha sido atendida por el municipio y que pone en riesgo la salud de los pobladores y su ganado.<\/p>\n<p class=\"x_gmail-MsoNoSpacing\">Despu\u00e9s de escuchar las denuncias de los vecinos, Vallejo Figueroa dijo que da pena ver que ya pasaron seis a\u00f1os y no se ha hecho nada por el campo, \u201clo que significa que hay un desprecio por el medio rural\u201d, asegur\u00f3.<\/p>\n<p class=\"x_gmail-MsoNoSpacing\">En este sentido, el ex gobernador anunci\u00f3 proyectos que beneficiar\u00e1n a este sector, entre los que se encuentran la construcci\u00f3n de caminos rurales como el que da acceso a Tumbisca, que por a\u00f1os han solicitado los pobladores as\u00ed como la dotaci\u00f3n de servicios p\u00fablicos elementales como drenaje y agua potable.<\/p>\n<p class=\"x_gmail-MsoNoSpacing\">Adem\u00e1s en materia de seguridad, adelant\u00f3 que cada tenencia contar\u00e1 por lo menos con una o dos patrullas que ser\u00e1n manejadas por polic\u00edas de las mismas comunidades. \u201cVamos a empoderar a los encargados del orden, jefes de manzana y comisariados ejidales, porque son los que m\u00e1s conocen a su gente, pero en esta administraci\u00f3n les cerraron las puertas del Ayuntamiento\u201d, indic\u00f3 el candidato del PES al adelantar que todos los martes atender\u00e1 exclusivamente a estos representantes comunales en palacio municipal.<\/p>\n<p class=\"x_gmail-MsoNoSpacing\">Acompa\u00f1ado por integrantes de su planilla encabezados por la candidata a s\u00edndica Guadalupe Herrera Calder\u00f3n, el cuatro veces alcalde record\u00f3 que unos de sus compromisos son crear la Secretar\u00eda de Desarrollo Rural Integral, donde los campesinos podr\u00e1n hacer los tr\u00e1mites correspondientes para acceder a los apoyos gubernamentales.<\/p>\n<p class=\"x_gmail-MsoNoSpacing\">Adem\u00e1s dijo que en la cabecera de San Miguel del Monte, tambi\u00e9n se echar\u00e1 a andar una planta de tratamiento, para que las aguas negras de las comunidades aleda\u00f1as sean reutilizadas en los cultivos, adem\u00e1s de que se adquirir\u00e1 nueva maquinaria para el campo, esto con la finalidad de emparejar caminos, construir nuevas hoyas de agua, entre otras obras que se requieren.<\/p>\n","protected":false},"excerpt":{"rendered":"<p>&nbsp; \u00b7\u00a0\u00a0\u00a0\u00a0\u00a0\u00a0\u00a0\u00a0\u00a0Seguridad y obras de impacto social los compromisos del ex edil con la zona rural Morelia, Mich., a 3 de junio de 2018.-\u00a0Fausto Vallejo Figueroa, candidato a la Presidencia Municipal por el Partido Encuentro Social (PES), lleg\u00f3 hasta las tenencias y comunidades rurales que se encuentran en los l\u00edmites de Morelia con Villa Madero, [&hellip;]<\/p>\n","protected":false},"author":2,"featured_media":53829,"comment_status":"closed","ping_status":"closed","sticky":false,"template":"","format":"standard","meta":{"footnotes":""},"categories":[14,90],"tags":[],"class_list":["post-53828","post","type-post","status-publish","format-standard","has-post-thumbnail","hentry","category-destacadas","category-elecciones-2018"],"_links":{"self":[{"href":"https:\/\/radiowebmx.com\/nota\/wp-json\/wp\/v2\/posts\/53828","targetHints":{"allow":["GET"]}}],"collection":[{"href":"https:\/\/radiowebmx.com\/nota\/wp-json\/wp\/v2\/posts"}],"about":[{"href":"https:\/\/radiowebmx.com\/nota\/wp-json\/wp\/v2\/types\/post"}],"author":[{"embeddable":true,"href":"https:\/\/radiowebmx.com\/nota\/wp-json\/wp\/v2\/users\/2"}],"replies":[{"embeddable":true,"href":"https:\/\/radiowebmx.com\/nota\/wp-json\/wp\/v2\/comments?post=53828"}],"version-history":[{"count":1,"href":"https:\/\/radiowebmx.com\/nota\/wp-json\/wp\/v2\/posts\/53828\/revisions"}],"predecessor-version":[{"id":53830,"href":"https:\/\/radiowebmx.com\/nota\/wp-json\/wp\/v2\/posts\/53828\/revisions\/53830"}],"wp:featuredmedia":[{"embeddable":true,"href":"https:\/\/radiowebmx.com\/nota\/wp-json\/wp\/v2\/media\/53829"}],"wp:attachment":[{"href":"https:\/\/radiowebmx.com\/nota\/wp-json\/wp\/v2\/media?parent=53828"}],"wp:term":[{"taxonomy":"category","embeddable":true,"href":"https:\/\/radiowebmx.com\/nota\/wp-json\/wp\/v2\/categories?post=53828"},{"taxonomy":"post_tag","embeddable":true,"href":"https:\/\/radiowebmx.com\/nota\/wp-json\/wp\/v2\/tags?post=53828"}],"curies":[{"name":"wp","href":"https:\/\/api.w.org\/{rel}","templated":true}]}}