{"id":53825,"date":"2018-06-03T20:43:20","date_gmt":"2018-06-04T01:43:20","guid":{"rendered":"https:\/\/radiowebmx.com\/nota\/?p=53825"},"modified":"2018-06-04T10:43:48","modified_gmt":"2018-06-04T15:43:48","slug":"con-una-participacion-global-del-92-concluye-el-proceso-ordinario-de-ingreso-a-educacion-basica-see","status":"publish","type":"post","link":"https:\/\/radiowebmx.com\/nota\/con-una-participacion-global-del-92-concluye-el-proceso-ordinario-de-ingreso-a-educacion-basica-see\/","title":{"rendered":"Con una participaci\u00f3n global del 92%, concluye el proceso ordinario de ingreso a Educaci\u00f3n B\u00e1sica: SEE"},"content":{"rendered":"<div dir=\"auto\"><strong>Morelia, Michoac\u00e1n; a 3 de junio de 2018.-<\/strong>\u00a0La Secretar\u00eda de Educaci\u00f3n en el Estado (SEE), informa que con una participaci\u00f3n global del 92 por ciento de los aspirantes registrados, se llev\u00f3 a cabo la tercera y \u00faltima jornada de la aplicaci\u00f3n del instrumento de evaluaci\u00f3n del Concurso de Oposici\u00f3n para el Ingreso a la Educaci\u00f3n B\u00e1sica, ciclo escolar 2018-2019 en Michoac\u00e1n, las cuales se desarrollaron en un clima de tranquilidad, eficiencia y transparencia.<\/div>\n<div dir=\"auto\"><\/div>\n<div dir=\"auto\">Michoac\u00e1n fue de las entidades federativas con un alto porcentaje de participaci\u00f3n en este proceso ordinario para el ingreso, lo que demuestra la aceptaci\u00f3n y confianza que se tiene en esta evaluaci\u00f3n para definir a las y los docentes que estar\u00e1n frente a grupo de acuerdo a sus capacidades y habilidades.<\/div>\n<div dir=\"auto\"><\/div>\n<div dir=\"auto\">De los mil 888 aspirantes registrados, sustentaron el examen mil 735, con su participaci\u00f3n dan certeza y tranquilidad a la ciudadan\u00eda de que quienes ingresen al Sistema Educativo Nacional como docentes de Educaci\u00f3n B\u00e1sica en Michoac\u00e1n, cuentan con los conocimientos necesarios para ofrecer una educaci\u00f3n de calidad a las ni\u00f1as, ni\u00f1os y j\u00f3venes de nuestro Estado.<\/div>\n<div dir=\"auto\"><\/div>\n<div dir=\"auto\">Las y los sustentantes que presentaron su examen del 19 de mayo al 3 de junio, podr\u00e1n conocer los resultados de este concurso el pr\u00f3ximo 18 de julio, los cuales estar\u00e1n disponibles en la p\u00e1gina:<a href=\"https:\/\/gob.us12.list-manage.com\/track\/click?u=b23dca9991ba7891cd416f9c4&amp;id=c98781e9bf&amp;e=26ff097c69\" target=\"_blank\" rel=\"noopener noreferrer\">http:\/\/servicioprofesionaldocente.sep.gob.mx\/ba\/ingreso_2018\/ordinaria\/<\/a><\/div>\n<div dir=\"auto\"><\/div>\n<div dir=\"auto\">Quienes hayan obtenido resultados en sus evaluaciones que los ubiquen en situaci\u00f3n de \u201cid\u00f3neo\u201d, a partir del 18 de julio de 2018, deber\u00e1n estar atentos a los eventos p\u00fablicos y procesos que realice la SEE, a efecto de que concreten su ingreso al servicio p\u00fablico educativo, en t\u00e9rminos de lo dispuesto en la convocatoria publicada.<\/div>\n<div dir=\"auto\"><\/div>\n<div dir=\"auto\">La SEE reconoce el inter\u00e9s mostrado por las y los egresados de las instituciones de Educaci\u00f3n Superior y Escuelas Normales, p\u00fablicas y privadas, por participar de manera abierta y voluntaria en el mismo.<\/div>\n","protected":false},"excerpt":{"rendered":"<p>Morelia, Michoac\u00e1n; a 3 de junio de 2018.-\u00a0La Secretar\u00eda de Educaci\u00f3n en el Estado (SEE), informa que con una participaci\u00f3n global del 92 por ciento de los aspirantes registrados, se llev\u00f3 a cabo la tercera y \u00faltima jornada de la aplicaci\u00f3n del instrumento de evaluaci\u00f3n del Concurso de Oposici\u00f3n para el Ingreso a la Educaci\u00f3n [&hellip;]<\/p>\n","protected":false},"author":2,"featured_media":53826,"comment_status":"closed","ping_status":"closed","sticky":false,"template":"","format":"standard","meta":{"footnotes":""},"categories":[14,3,60],"tags":[],"class_list":["post-53825","post","type-post","status-publish","format-standard","has-post-thumbnail","hentry","category-destacadas","category-gobierno-del-estado-de-michoacan","category-michoacan"],"_links":{"self":[{"href":"https:\/\/radiowebmx.com\/nota\/wp-json\/wp\/v2\/posts\/53825","targetHints":{"allow":["GET"]}}],"collection":[{"href":"https:\/\/radiowebmx.com\/nota\/wp-json\/wp\/v2\/posts"}],"about":[{"href":"https:\/\/radiowebmx.com\/nota\/wp-json\/wp\/v2\/types\/post"}],"author":[{"embeddable":true,"href":"https:\/\/radiowebmx.com\/nota\/wp-json\/wp\/v2\/users\/2"}],"replies":[{"embeddable":true,"href":"https:\/\/radiowebmx.com\/nota\/wp-json\/wp\/v2\/comments?post=53825"}],"version-history":[{"count":1,"href":"https:\/\/radiowebmx.com\/nota\/wp-json\/wp\/v2\/posts\/53825\/revisions"}],"predecessor-version":[{"id":53827,"href":"https:\/\/radiowebmx.com\/nota\/wp-json\/wp\/v2\/posts\/53825\/revisions\/53827"}],"wp:featuredmedia":[{"embeddable":true,"href":"https:\/\/radiowebmx.com\/nota\/wp-json\/wp\/v2\/media\/53826"}],"wp:attachment":[{"href":"https:\/\/radiowebmx.com\/nota\/wp-json\/wp\/v2\/media?parent=53825"}],"wp:term":[{"taxonomy":"category","embeddable":true,"href":"https:\/\/radiowebmx.com\/nota\/wp-json\/wp\/v2\/categories?post=53825"},{"taxonomy":"post_tag","embeddable":true,"href":"https:\/\/radiowebmx.com\/nota\/wp-json\/wp\/v2\/tags?post=53825"}],"curies":[{"name":"wp","href":"https:\/\/api.w.org\/{rel}","templated":true}]}}