{"id":53819,"date":"2018-06-03T16:17:13","date_gmt":"2018-06-03T21:17:13","guid":{"rendered":"https:\/\/radiowebmx.com\/nota\/?p=53819"},"modified":"2018-06-04T10:28:49","modified_gmt":"2018-06-04T15:28:49","slug":"cultura-de-la-paz-y-participacion-ciudadana-verdaderas-herramientas-para-el-cambio-cocoa-calderon","status":"publish","type":"post","link":"https:\/\/radiowebmx.com\/nota\/cultura-de-la-paz-y-participacion-ciudadana-verdaderas-herramientas-para-el-cambio-cocoa-calderon\/","title":{"rendered":"Cultura de la Paz y Participaci\u00f3n Ciudadana, verdaderas herramientas para el cambio: Cocoa Calder\u00f3n"},"content":{"rendered":"<p><img loading=\"lazy\" decoding=\"async\" class=\"\" src=\"https:\/\/attachment.outlook.live.net\/owa\/radiowebb@hotmail.com\/service.svc\/s\/GetFileAttachment?id=AQMkADAwATY0MDABLTk4MTctN2M1YS0wMAItMDAKAEYAAAOOW0aEhSUfTpTeQ3RRo4dLBwDbNPbMXMQTTr8HPYjb7YmwAAACAQwAAADbNPbMXMQTTr8HPYjb7YmwAAI%2FJkilAAAAARIAEAC9BSeMJCNLRo85z6V%2FlgyH&amp;X-OWA-CANARY=4VpDprALtUC80tG3LLd5wBAb3l8vytUYPilmYnJM1f4icU9gUzRc_nrUH9roKHA52AqystSP5As.&amp;token=eyJhbGciOiJSUzI1NiIsImtpZCI6IjA2MDBGOUY2NzQ2MjA3MzdFNzM0MDRFMjg3QzQ1QTgxOENCN0NFQjgiLCJ4NXQiOiJCZ0Q1OW5SaUJ6Zm5OQVRpaDhSYWdZeTN6cmciLCJ0eXAiOiJKV1QifQ.eyJ2ZXIiOiJFeGNoYW5nZS5DYWxsYmFjay5WMSIsImFwcGN0eHNlbmRlciI6Ik93YURvd25sb2FkQDg0ZGY5ZTdmLWU5ZjYtNDBhZi1iNDM1LWFhYWFhYWFhYWFhYSIsImFwcGN0eCI6IntcIm1zZXhjaHByb3RcIjpcIm93YVwiLFwicHJpbWFyeXNpZFwiOlwiUy0xLTI4MjctNDA5NjAwLTI1NTE2NzU5OTRcIixcInB1aWRcIjpcIjE3NTkyMjExNTYxMTc1OTRcIixcIm9pZFwiOlwiMDAwNjQwMDAtOTgxNy03YzVhLTAwMDAtMDAwMDAwMDAwMDAwXCIsXCJzY29wZVwiOlwiT3dhRG93bmxvYWRcIn0iLCJuYmYiOjE1MjgxMjU3NzEsImV4cCI6MTUyODEyNjM3MSwiaXNzIjoiMDAwMDAwMDItMDAwMC0wZmYxLWNlMDAtMDAwMDAwMDAwMDAwQDg0ZGY5ZTdmLWU5ZjYtNDBhZi1iNDM1LWFhYWFhYWFhYWFhYSIsImF1ZCI6IjAwMDAwMDAyLTAwMDAtMGZmMS1jZTAwLTAwMDAwMDAwMDAwMC9hdHRhY2htZW50Lm91dGxvb2subGl2ZS5uZXRAODRkZjllN2YtZTlmNi00MGFmLWI0MzUtYWFhYWFhYWFhYWFhIn0.KC1L5aoP-DcJWQdbtSrOTOn5TU7ZlIkjks36M_ycbPz7BfmrBxO2tsAtVTjEOuyoO5Kz5YSV0AHf1S6HN4iEYkTjxajr2ipVi8cxYldTXIpkVfgm77Ql4hnY2NiT02rqsv6kQ4JcqMxIoLF_ZqwMuQHh4SeXxyiMi8TJr3TsZnB8yFZGIU4C68NPEdkEZy9luGJGY0N-w_A3aWo5n8o1LUVy2WvA67MHhjg3wkLr_WzEkHksXAKhyyjmF07OIYs0e4j42SGoslyXgELEPYh1qPkP029De8VLbIZjspvus3Hn3xPYcOcdFIj024FAnoS-M75BBeZiD7LN-GvgH2kBCg&amp;owa=outlook.live.com&amp;isc=1&amp;isImagePreview=True\" width=\"399\" height=\"266\" \/><\/p>\n<p>&nbsp;<\/p>\n<p class=\"x_MsoNormal\"><strong>Morelia, Michoac\u00e1n a 03 de junio de 2018.-<\/strong> La candidata independiente por el Distrito 10 Federal, Luisa Mar\u00eda Calder\u00f3n Hinojosa, manifest\u00f3 que es con la Cultura de la Paz y la participaci\u00f3n ciudadana con las que se lograr\u00e1 el verdadero cambio, por ello garantiz\u00f3 que ganando las elecciones del 1 julio comenzar\u00e1 a impulsar observatorios ciudadanos que vigilen a los pol\u00edticos, as\u00ed como promover una estrategia de Cultura de la Paz que acompa\u00f1e el tema de la seguridad en nuestro pa\u00eds.<\/p>\n<p class=\"x_MsoNormal\">Lo anterior, lo expres\u00f3 durante un torneo de f\u00fatbol en la localidad de Lomas del Durazno, ah\u00ed ante ciudadanos de la zona, as\u00ed como j\u00f3venes que participaron en dicha actividad Calder\u00f3n Hinojosa refrend\u00f3 su compromiso para fomentar la cultura de la paz y legalidad as\u00ed como incentivar la participaci\u00f3n ciudadana.<\/p>\n<p class=\"x_MsoNormal\">Calder\u00f3n Hinojosa consider\u00f3 que las cosas en nuestro pa\u00eds no cambiar\u00e1n de la noche a la ma\u00f1ana, pero este cambio no depende de una persona, sino de la ciudadan\u00eda en general, \u201cnecesitamos dar entre todos los primeros pasos hacia la legalidad para alcanzar la certidumbre, la justicia y la paz; hoy aqu\u00ed les pongo un ejemplo sencillo, el f\u00fatbol es un deporte de valores, porque se juega en equipo, se trabaja en equipo, y se juega limpio, de tal forma que se ponen en practica valores comunitarios porque nadie tiene el derecho de agredir al contrario, se juega a partir de una meta en com\u00fan, yo les pido que hagamos equipo por nuestra comunidad, por nuestro estado, por nuestro pa\u00eds \u201c agreg\u00f3.<\/p>\n<p class=\"x_MsoNormal\">Adem\u00e1s, reconoci\u00f3 que en varias regiones de la entidad hay grandes esfuerzos de organizaciones que luchan por recuperar en los ni\u00f1os y adolescentes valores como el respeto y por una cultura de la paz, y preciso que desde 2014,\u00a0 realiz\u00f3 diversos foros sobre el tema, con la intenci\u00f3n de impulsar la Cultura de la Paz y Legalidad desde de la base, desde la ciudadan\u00eda.<\/p>\n","protected":false},"excerpt":{"rendered":"<p>&nbsp; Morelia, Michoac\u00e1n a 03 de junio de 2018.- La candidata independiente por el Distrito 10 Federal, Luisa Mar\u00eda Calder\u00f3n Hinojosa, manifest\u00f3 que es con la Cultura de la Paz y la participaci\u00f3n ciudadana con las que se lograr\u00e1 el verdadero cambio, por ello garantiz\u00f3 que ganando las elecciones del 1 julio comenzar\u00e1 a impulsar [&hellip;]<\/p>\n","protected":false},"author":2,"featured_media":53820,"comment_status":"closed","ping_status":"closed","sticky":false,"template":"","format":"standard","meta":{"footnotes":""},"categories":[14,90],"tags":[],"class_list":["post-53819","post","type-post","status-publish","format-standard","has-post-thumbnail","hentry","category-destacadas","category-elecciones-2018"],"_links":{"self":[{"href":"https:\/\/radiowebmx.com\/nota\/wp-json\/wp\/v2\/posts\/53819","targetHints":{"allow":["GET"]}}],"collection":[{"href":"https:\/\/radiowebmx.com\/nota\/wp-json\/wp\/v2\/posts"}],"about":[{"href":"https:\/\/radiowebmx.com\/nota\/wp-json\/wp\/v2\/types\/post"}],"author":[{"embeddable":true,"href":"https:\/\/radiowebmx.com\/nota\/wp-json\/wp\/v2\/users\/2"}],"replies":[{"embeddable":true,"href":"https:\/\/radiowebmx.com\/nota\/wp-json\/wp\/v2\/comments?post=53819"}],"version-history":[{"count":1,"href":"https:\/\/radiowebmx.com\/nota\/wp-json\/wp\/v2\/posts\/53819\/revisions"}],"predecessor-version":[{"id":53821,"href":"https:\/\/radiowebmx.com\/nota\/wp-json\/wp\/v2\/posts\/53819\/revisions\/53821"}],"wp:featuredmedia":[{"embeddable":true,"href":"https:\/\/radiowebmx.com\/nota\/wp-json\/wp\/v2\/media\/53820"}],"wp:attachment":[{"href":"https:\/\/radiowebmx.com\/nota\/wp-json\/wp\/v2\/media?parent=53819"}],"wp:term":[{"taxonomy":"category","embeddable":true,"href":"https:\/\/radiowebmx.com\/nota\/wp-json\/wp\/v2\/categories?post=53819"},{"taxonomy":"post_tag","embeddable":true,"href":"https:\/\/radiowebmx.com\/nota\/wp-json\/wp\/v2\/tags?post=53819"}],"curies":[{"name":"wp","href":"https:\/\/api.w.org\/{rel}","templated":true}]}}