{"id":53815,"date":"2018-06-03T20:21:48","date_gmt":"2018-06-04T01:21:48","guid":{"rendered":"https:\/\/radiowebmx.com\/nota\/?p=53815"},"modified":"2018-06-04T10:24:42","modified_gmt":"2018-06-04T15:24:42","slug":"mejorar-areas-verdes-y-espacios-deportivos-es-mejorar-la-calidad-de-vida-en-morelia-geronimo-color","status":"publish","type":"post","link":"https:\/\/radiowebmx.com\/nota\/mejorar-areas-verdes-y-espacios-deportivos-es-mejorar-la-calidad-de-vida-en-morelia-geronimo-color\/","title":{"rendered":"Mejorar \u00e1reas verdes y espacios deportivos es mejorar la calidad de vida en Morelia: Ger\u00f3nimo Color"},"content":{"rendered":"<ul>\n<li><strong>Gestionar\u00e1 recursos y programas para rescatar y ampliar estos sitios de encuentro<\/strong><\/li>\n<\/ul>\n<p class=\"x_MsoNormal\"><span lang=\"ES-MX\"><span style=\"font-family: arial, helvetica, sans-serif;\">\u00a0<\/span><\/span><\/p>\n<p class=\"x_MsoNormal\"><span lang=\"ES-MX\"><span style=\"font-family: arial, helvetica, sans-serif;\">Las \u00e1reas verdes y espacios deportivos son elementos fundamentales para el bienestar y la calidad de vida, y contar con los recursos para habilitar m\u00e1s sitios verdes y accesibles para todos los morelianos es un compromiso del candidato a la Diputaci\u00f3n Federal del Distrito 10 por el PRI, Ger\u00f3nimo Color Gasca.<\/span><\/span><\/p>\n<p class=\"x_MsoNormal\"><span lang=\"ES-MX\"><span style=\"font-family: arial, helvetica, sans-serif;\">De acuerdo con la Organizaci\u00f3n Mundial de la Salud (OMS), las ciudades deben tener de 10 a 15 metros cuadrados de \u00e1reas verdes por cada habitante, sin embargo en Morelia actualmente solo hay 4.3 metros por cada moreliano y muchos de estos se encuentran en malas condiciones, por lo que la meta ser\u00e1 ampliar las \u00e1reas, rescatar los espacios en malas condiciones y facilitar el acceso, para lo cual se trabajar\u00e1 de manera coordinada con los tres ordenes de Gobierno.\u00a0<\/span><\/span><\/p>\n<p class=\"x_MsoNormal\"><span lang=\"ES-MX\"><span style=\"font-family: arial, helvetica, sans-serif;\">\u201cDesde la C\u00e1mara de Diputados vamos a trabajar de la mano del pr\u00f3ximo Presidente de M\u00e9xico, Jos\u00e9 Antonio Meade, para de manera coordinada con el Estado, coadyuvar en los proyectos de desarrollo urbano trazados por nuestra candidata, Daniela de los Santos Torres, cuando ella sea alcaldesa, a fin de garantizar que todos los morelianos tengan acceso a los espacios verdes urbanos y \u00e1reas jardinadas de calidad y seguras\u201d, afirm\u00f3 Ger\u00f3nimo Color.<\/span><\/span><\/p>\n<p class=\"x_MsoNormal\"><span lang=\"ES-MX\"><span style=\"font-family: arial, helvetica, sans-serif;\">Igual de importantes consider\u00f3 los espacios p\u00fablicos para el deporte urbano, los cuales deben ser considerados como parte fundamental de cualquier proyecto de desarrollo para la ciudad, principalmente en zonas de alta marginaci\u00f3n y colonias populares, pues adem\u00e1s de ser \u00e1reas de recreaci\u00f3n, constituyen espacios de encuentro y desarrollo comunitario, donde se fomenta la sana convivencia, la pr\u00e1ctica del deporte y un estilo de vida saludable para los morelianos.<\/span><\/span><\/p>\n<p class=\"x_MsoNormal\"><span lang=\"ES-MX\"><span style=\"font-family: arial, helvetica, sans-serif;\">\u201cLos espacios deportivos y jardines urbanos no son rincones meramente decorativos en la ciudad, los ciudadanos se deben apropiar de ellos y estos deben ser parte de su desarrollo integral, crecer junto con la ciudad y modernizarse junto con ella\u201d, se\u00f1al\u00f3.<\/span><\/span><\/p>\n<p class=\"x_MsoNormal\"><span lang=\"ES-MX\"><span style=\"font-family: arial, helvetica, sans-serif;\">Finalmente Ger\u00f3nimo Color destac\u00f3 que el mejoramiento de las \u00e1reas verdes y espacios deportivos, complementaran el plan de movilidad y rehabilitaci\u00f3n del Libramiento sur con sus ramales a P\u00e1tzcuaro y Mil Cumbres, comprometido por el candidato presidencial, Jos\u00e9 Antonio Meade Kuribre\u00f1a, con lo que juntos le dar\u00e1n el Color de la infraestructura y el desarrollo a Morelia.<\/span><\/span><\/p>\n","protected":false},"excerpt":{"rendered":"<p>Gestionar\u00e1 recursos y programas para rescatar y ampliar estos sitios de encuentro \u00a0 Las \u00e1reas verdes y espacios deportivos son elementos fundamentales para el bienestar y la calidad de vida, y contar con los recursos para habilitar m\u00e1s sitios verdes y accesibles para todos los morelianos es un compromiso del candidato a la Diputaci\u00f3n Federal [&hellip;]<\/p>\n","protected":false},"author":2,"featured_media":53816,"comment_status":"closed","ping_status":"closed","sticky":false,"template":"","format":"standard","meta":{"footnotes":""},"categories":[14,90],"tags":[],"class_list":["post-53815","post","type-post","status-publish","format-standard","has-post-thumbnail","hentry","category-destacadas","category-elecciones-2018"],"_links":{"self":[{"href":"https:\/\/radiowebmx.com\/nota\/wp-json\/wp\/v2\/posts\/53815","targetHints":{"allow":["GET"]}}],"collection":[{"href":"https:\/\/radiowebmx.com\/nota\/wp-json\/wp\/v2\/posts"}],"about":[{"href":"https:\/\/radiowebmx.com\/nota\/wp-json\/wp\/v2\/types\/post"}],"author":[{"embeddable":true,"href":"https:\/\/radiowebmx.com\/nota\/wp-json\/wp\/v2\/users\/2"}],"replies":[{"embeddable":true,"href":"https:\/\/radiowebmx.com\/nota\/wp-json\/wp\/v2\/comments?post=53815"}],"version-history":[{"count":2,"href":"https:\/\/radiowebmx.com\/nota\/wp-json\/wp\/v2\/posts\/53815\/revisions"}],"predecessor-version":[{"id":53818,"href":"https:\/\/radiowebmx.com\/nota\/wp-json\/wp\/v2\/posts\/53815\/revisions\/53818"}],"wp:featuredmedia":[{"embeddable":true,"href":"https:\/\/radiowebmx.com\/nota\/wp-json\/wp\/v2\/media\/53816"}],"wp:attachment":[{"href":"https:\/\/radiowebmx.com\/nota\/wp-json\/wp\/v2\/media?parent=53815"}],"wp:term":[{"taxonomy":"category","embeddable":true,"href":"https:\/\/radiowebmx.com\/nota\/wp-json\/wp\/v2\/categories?post=53815"},{"taxonomy":"post_tag","embeddable":true,"href":"https:\/\/radiowebmx.com\/nota\/wp-json\/wp\/v2\/tags?post=53815"}],"curies":[{"name":"wp","href":"https:\/\/api.w.org\/{rel}","templated":true}]}}