{"id":5381,"date":"2014-02-06T10:08:58","date_gmt":"2014-02-06T16:08:58","guid":{"rendered":"https:\/\/radiowebmx.com\/nota\/?p=5381"},"modified":"2014-02-06T10:08:58","modified_gmt":"2014-02-06T16:08:58","slug":"accion-penal-contra-probable-responsable-de-homicidio-calificado-en-agravio-de-una-menor-de-diez-anos-de-edad","status":"publish","type":"post","link":"https:\/\/radiowebmx.com\/nota\/accion-penal-contra-probable-responsable-de-homicidio-calificado-en-agravio-de-una-menor-de-diez-anos-de-edad\/","title":{"rendered":"Acci\u00f3n penal contra probable responsable de homicidio calificado en agravio de una menor de diez a\u00f1os de edad"},"content":{"rendered":"<p>Gracias a las investigaciones efectuadas por la Polic\u00eda Ministerial, fue esclarecido un caso de homicidio calificado, cometido en agravio de una menor de diez a\u00f1os de edad; el presunto responsable fue detenido y consignado ante la autoridad jurisdiccional competente.<\/p>\n<p>&nbsp;<\/p>\n<p>Los hechos delictuosos se registraron en la comunidad denominada Ostula, del municipio de Aquila, donde la menor recibi\u00f3 un proyectil de arma de fuego en el abdomen, de calibre .9 mm., el d\u00eda 02 de febrero pasado. A\u00fan con vida, la ni\u00f1a fue trasladada por sus padres al centro de salud de la cabecera municipal de Coahuayana, donde falleci\u00f3 a consecuencia de la gravedad de las lesiones que presentaba.<\/p>\n<p>&nbsp;<\/p>\n<p>Al efectuarse las investigaciones del caso, a cargo de elementos de la Polic\u00eda Ministerial, fue detenido quien dijo llamarse Jos\u00e9 Alberto F, de 18 a\u00f1os de edad, con domicilio en Ostula y vecino de la menor agraviada, a quien le fue asegurada una pistola calibre .9 mm al momento de ser requerido por los efectivos policiales.<\/p>\n<p>&nbsp;<\/p>\n<p>El presunto responsable neg\u00f3 cualquier vinculaci\u00f3n en el homicidio de la menor, pero al practic\u00e1rsele las pruebas de rodisonato de sodio y Walker, ambas le resultaron positivas. Adem\u00e1s existen se\u00f1alamientos de que \u00e9l dispar\u00f3 a la menor, por causas hasta el momento no determinadas, en una huerta de papaya propiedad del padre de la peque\u00f1a.<\/p>\n<p>&nbsp;<\/p>\n<p>Por lo anterior, el agente del Ministerio P\u00fablico Investigador ejercit\u00f3 acci\u00f3n penal en contra del indiciado por homicidio calificado, siendo ingresado en el Centro de Reinserci\u00f3n Social de La Mira, municipio de L\u00e1zaro C\u00e1rdenas, para quedar a disposici\u00f3n de la autoridad judicial competente.<\/p>\n","protected":false},"excerpt":{"rendered":"<p>Gracias a las investigaciones efectuadas por la Polic\u00eda Ministerial, fue esclarecido un caso de homicidio calificado, cometido en agravio de una menor de diez a\u00f1os de edad; el presunto responsable fue detenido y consignado ante la autoridad jurisdiccional competente.<\/p>\n","protected":false},"author":1,"featured_media":0,"comment_status":"open","ping_status":"open","sticky":false,"template":"","format":"standard","meta":{"footnotes":""},"categories":[3],"tags":[],"class_list":["post-5381","post","type-post","status-publish","format-standard","hentry","category-gobierno-del-estado-de-michoacan"],"_links":{"self":[{"href":"https:\/\/radiowebmx.com\/nota\/wp-json\/wp\/v2\/posts\/5381","targetHints":{"allow":["GET"]}}],"collection":[{"href":"https:\/\/radiowebmx.com\/nota\/wp-json\/wp\/v2\/posts"}],"about":[{"href":"https:\/\/radiowebmx.com\/nota\/wp-json\/wp\/v2\/types\/post"}],"author":[{"embeddable":true,"href":"https:\/\/radiowebmx.com\/nota\/wp-json\/wp\/v2\/users\/1"}],"replies":[{"embeddable":true,"href":"https:\/\/radiowebmx.com\/nota\/wp-json\/wp\/v2\/comments?post=5381"}],"version-history":[{"count":1,"href":"https:\/\/radiowebmx.com\/nota\/wp-json\/wp\/v2\/posts\/5381\/revisions"}],"predecessor-version":[{"id":5382,"href":"https:\/\/radiowebmx.com\/nota\/wp-json\/wp\/v2\/posts\/5381\/revisions\/5382"}],"wp:attachment":[{"href":"https:\/\/radiowebmx.com\/nota\/wp-json\/wp\/v2\/media?parent=5381"}],"wp:term":[{"taxonomy":"category","embeddable":true,"href":"https:\/\/radiowebmx.com\/nota\/wp-json\/wp\/v2\/categories?post=5381"},{"taxonomy":"post_tag","embeddable":true,"href":"https:\/\/radiowebmx.com\/nota\/wp-json\/wp\/v2\/tags?post=5381"}],"curies":[{"name":"wp","href":"https:\/\/api.w.org\/{rel}","templated":true}]}}