{"id":53796,"date":"2018-05-28T18:22:58","date_gmt":"2018-05-28T23:22:58","guid":{"rendered":"https:\/\/radiowebmx.com\/nota\/?p=53796"},"modified":"2018-06-01T11:24:41","modified_gmt":"2018-06-01T16:24:41","slug":"a-la-baja-delitos-de-alto-impacto-en-michoacan-gcm","status":"publish","type":"post","link":"https:\/\/radiowebmx.com\/nota\/a-la-baja-delitos-de-alto-impacto-en-michoacan-gcm\/","title":{"rendered":"A la baja, delitos de alto impacto en Michoac\u00e1n: GCM"},"content":{"rendered":"<p><img loading=\"lazy\" decoding=\"async\" class=\"\" src=\"http:\/\/michoacan.gob.mx\/wp-content\/uploads\/2018\/05\/8bded445-3ac2-4518-97db-b1c31c370ced.jpeg\" width=\"401\" height=\"267\" \/><\/p>\n<ul>\n<li><strong>El estado se mantiene en la posici\u00f3n 20 \u2013de 32- en incidencia delictiva, se destaca durante la reuni\u00f3n del Grupo de Coordinaci\u00f3n Michoac\u00e1n, que fue encabezada por el Gobernador Silvano Aureoles Conejo y que cont\u00f3 con la presencia de representantes de los organismos electorales.<\/strong><\/li>\n<li><strong>Los integrantes del GCM se pronuncian por continuar desde sus trincheras el trabajo conjunto para que la entidad tenga certeza, estabilidad y paz, sobre todo ante el proceso electoral en curso.<\/strong><\/li>\n<\/ul>\n<p><strong>Morelia, Michoac\u00e1n, a 29 de mayo de 2018.-<\/strong>\u00a0Michoac\u00e1n presenta una tendencia a la baja en los delitos de alto impacto, la cual es notable respecto a los resultados a nivel nacional. El homicidio doloso registr\u00f3 una disminuci\u00f3n de 5.24 por ciento en el periodo de enero a abril respecto del mismo cuatrimestre de 2017; mientras que en el mismo lapso, el robo de veh\u00edculo disminuy\u00f3 en un 17.46 por ciento.<\/p>\n<p>Asimismo, Michoac\u00e1n se mantiene en la posici\u00f3n n\u00famero 20 -de 32- en incidencia delictiva del pa\u00eds, con una tasa del 19.69 por ciento (por cada 100 mil habitantes), de acuerdo con datos del Secretariado Ejecutivo del Sistema Nacional de Seguridad P\u00fablica.<\/p>\n<p>\u201cTodo esto es resultado de un trabajo coordinado con los municipios, con las dependencias estatales y federales y vamos a seguir haciendo el mayor esfuerzo\u201d, remarc\u00f3 el Gobernador Constitucional Silvano Aureoles Conejo, quien esta tarde encabez\u00f3 la reuni\u00f3n del Grupo de Coordinaci\u00f3n Michoac\u00e1n (GCM).<\/p>\n<p>Durante el encuentro, los integrantes del GCM se pronunciaron por continuar desde sus trincheras el trabajo conjunto para que la entidad tenga certeza, estabilidad y paz, sobre todo, ante el proceso electoral en curso.<\/p>\n<p>Con la asistencia de representantes de los organismos electorales, se revis\u00f3 la estrategia que se despliega en el territorio estatal para dar certidumbre a las candidatas y candidatos en el desarrollo de sus campa\u00f1as.<\/p>\n<p>En ese tenor, el mandatario michoacano fue enf\u00e1tico en recordar que no se permitir\u00e1 que personas externas al proceso y con intereses delictivos se inmiscuyan en los comicios, por lo que tambi\u00e9n dio inicio a la revisi\u00f3n de la estrategia operativa para la jornada electoral del pr\u00f3ximo 1 de julio.<\/p>\n<p>Participaron en esta reuni\u00f3n el secretario de Gobierno, Pascual Sigala P\u00e1ez; el secretario de Seguridad P\u00fablica, Juan Bernardo Corona Mart\u00ednez; el procurador general de Justicia del Estado, Jos\u00e9 Mart\u00edn Godoy Castro; el jefe de la Oficina del Gobernador, Erick L\u00f3pez Barriga, y los mandos militares de la 21 Zona Militar, 43 Zona Militar y 10 Zona Naval, general Gerardo M\u00e9rida S\u00e1nchez, general Ricardo Trevilla Trejo y vicealmirante Salvador G\u00f3mez Rangel, respectivamente.<\/p>\n<p>Tambi\u00e9n, el magistrado presidente del Tribunal Electoral del Estado Michoac\u00e1n, Ignacio Hurtado G\u00f3mez; el consejero presidente del Instituto Electoral de Michoac\u00e1n, Ram\u00f3n Hern\u00e1ndez Reyes; el vocal ejecutivo de la Junta Local del Instituto Nacional Electoral en el estado, David Alejandro Delgado Arroyo, entre otras autoridades.<\/p>\n<p>&nbsp;<\/p>\n<p><img loading=\"lazy\" decoding=\"async\" class=\"\" src=\"http:\/\/michoacan.gob.mx\/wp-content\/uploads\/2018\/05\/c10f4ff9-a2a9-403f-8785-7a3f49909599.jpeg\" width=\"401\" height=\"267\" \/><\/p>\n","protected":false},"excerpt":{"rendered":"<p>El estado se mantiene en la posici\u00f3n 20 \u2013de 32- en incidencia delictiva, se destaca durante la reuni\u00f3n del Grupo de Coordinaci\u00f3n Michoac\u00e1n, que fue encabezada por el Gobernador Silvano Aureoles Conejo y que cont\u00f3 con la presencia de representantes de los organismos electorales. Los integrantes del GCM se pronuncian por continuar desde sus trincheras [&hellip;]<\/p>\n","protected":false},"author":2,"featured_media":53797,"comment_status":"closed","ping_status":"closed","sticky":false,"template":"","format":"standard","meta":{"footnotes":""},"categories":[14,3,60],"tags":[],"class_list":["post-53796","post","type-post","status-publish","format-standard","has-post-thumbnail","hentry","category-destacadas","category-gobierno-del-estado-de-michoacan","category-michoacan"],"_links":{"self":[{"href":"https:\/\/radiowebmx.com\/nota\/wp-json\/wp\/v2\/posts\/53796","targetHints":{"allow":["GET"]}}],"collection":[{"href":"https:\/\/radiowebmx.com\/nota\/wp-json\/wp\/v2\/posts"}],"about":[{"href":"https:\/\/radiowebmx.com\/nota\/wp-json\/wp\/v2\/types\/post"}],"author":[{"embeddable":true,"href":"https:\/\/radiowebmx.com\/nota\/wp-json\/wp\/v2\/users\/2"}],"replies":[{"embeddable":true,"href":"https:\/\/radiowebmx.com\/nota\/wp-json\/wp\/v2\/comments?post=53796"}],"version-history":[{"count":1,"href":"https:\/\/radiowebmx.com\/nota\/wp-json\/wp\/v2\/posts\/53796\/revisions"}],"predecessor-version":[{"id":53798,"href":"https:\/\/radiowebmx.com\/nota\/wp-json\/wp\/v2\/posts\/53796\/revisions\/53798"}],"wp:featuredmedia":[{"embeddable":true,"href":"https:\/\/radiowebmx.com\/nota\/wp-json\/wp\/v2\/media\/53797"}],"wp:attachment":[{"href":"https:\/\/radiowebmx.com\/nota\/wp-json\/wp\/v2\/media?parent=53796"}],"wp:term":[{"taxonomy":"category","embeddable":true,"href":"https:\/\/radiowebmx.com\/nota\/wp-json\/wp\/v2\/categories?post=53796"},{"taxonomy":"post_tag","embeddable":true,"href":"https:\/\/radiowebmx.com\/nota\/wp-json\/wp\/v2\/tags?post=53796"}],"curies":[{"name":"wp","href":"https:\/\/api.w.org\/{rel}","templated":true}]}}