{"id":53790,"date":"2018-05-30T18:32:29","date_gmt":"2018-05-30T23:32:29","guid":{"rendered":"https:\/\/radiowebmx.com\/nota\/?p=53790"},"modified":"2018-06-01T11:13:41","modified_gmt":"2018-06-01T16:13:41","slug":"fausto-vallejo-figueroa-unico-candidato-nicolaita-a-ocupar-la-alcaldia-capitalina","status":"publish","type":"post","link":"https:\/\/radiowebmx.com\/nota\/fausto-vallejo-figueroa-unico-candidato-nicolaita-a-ocupar-la-alcaldia-capitalina\/","title":{"rendered":"Fausto Vallejo Figueroa \u00fanico candidato nicola\u00edta a ocupar la alcald\u00eda capitalina"},"content":{"rendered":"<p><img loading=\"lazy\" decoding=\"async\" class=\"\" src=\"https:\/\/attachment.outlook.live.net\/owa\/ultrapolitica@hotmail.com\/service.svc\/s\/GetAttachmentThumbnail?id=AQMkADAwATYwMAItODMyNi00ODU0LTAwAi0wMAoARgAAA5HawHgQuq9DrqMPu%2BRLC5sHANRV7lYdW%2FpNtd2j%2BEW2swoAAAIBDAAAANRV7lYdW%2FpNtd2j%2BEW2swoAAmx8BaoAAAABEgAQAI622Gj90nNEhrpYS1DXZPs%3D&amp;thumbnailType=2&amp;X-OWA-CANARY=8CNWbLLa3k23CcjJX0xaZCAM3Ibax9UYa2EaSD7a4FFwNL-_NZ4xQQpbwSZkNnLd0unnVKggZ4s.&amp;token=eyJhbGciOiJSUzI1NiIsImtpZCI6IjA2MDBGOUY2NzQ2MjA3MzdFNzM0MDRFMjg3QzQ1QTgxOENCN0NFQjgiLCJ4NXQiOiJCZ0Q1OW5SaUJ6Zm5OQVRpaDhSYWdZeTN6cmciLCJ0eXAiOiJKV1QifQ.eyJ2ZXIiOiJFeGNoYW5nZS5DYWxsYmFjay5WMSIsImFwcGN0eHNlbmRlciI6Ik93YURvd25sb2FkQDg0ZGY5ZTdmLWU5ZjYtNDBhZi1iNDM1LWFhYWFhYWFhYWFhYSIsImFwcGN0eCI6IntcIm1zZXhjaHByb3RcIjpcIm93YVwiLFwicHJpbWFyeXNpZFwiOlwiUy0xLTI4MjctMzkzMjE2LTIyMDAzMjQxODBcIixcInB1aWRcIjpcIjE2ODg4NTIwNjA1ODgxMTZcIixcIm9pZFwiOlwiMDAwNjAwMDAtODMyNi00ODU0LTAwMDAtMDAwMDAwMDAwMDAwXCIsXCJzY29wZVwiOlwiT3dhRG93bmxvYWRcIn0iLCJuYmYiOjE1Mjc4Njk0MTcsImV4cCI6MTUyNzg3MDAxNywiaXNzIjoiMDAwMDAwMDItMDAwMC0wZmYxLWNlMDAtMDAwMDAwMDAwMDAwQDg0ZGY5ZTdmLWU5ZjYtNDBhZi1iNDM1LWFhYWFhYWFhYWFhYSIsImF1ZCI6IjAwMDAwMDAyLTAwMDAtMGZmMS1jZTAwLTAwMDAwMDAwMDAwMC9hdHRhY2htZW50Lm91dGxvb2subGl2ZS5uZXRAODRkZjllN2YtZTlmNi00MGFmLWI0MzUtYWFhYWFhYWFhYWFhIn0.m3gWMV7KuDkT5GMP6XJ-dgCUHcG0Lr3RGECIRCT7AcER8bJapYPY5bIpCXL7LRPKC-6fmk_Umqs1NgPcdb6qrxb8p8QO8X68baKFhYkMQAl6RoY6aBDbgoFlq7Dfl1iuwyhXhnmsmRR_8MWXgVE_IZQd5ImMVqPrn0O1Yu_1m9rKPtSrC1Q9wcyIXfr7IhJoe-VQiHcnV8sl22aU3Hl9IHVGPD2SGIi9aXxqJ0Yq_shKqJVGJHFSmGbVoZR0YT5DTCMWIzNPc6S6jhqyF07CJXfHPJwchLyzPWN6BC49SlUbC_TAo1AnFSuPYQDFajaZizwT82O_cehR7AYglcaPgw&amp;owa=outlook.live.com&amp;isc=1\" width=\"402\" height=\"268\" \/><\/p>\n<p>&nbsp;<\/p>\n<p class=\"x_gmail-MsoNoSpacing\"><strong>\u00b7\u00a0\u00a0\u00a0\u00a0\u00a0\u00a0\u00a0\u00a0\u00a0\u201cSabemos que con usted no nos vamos a arrepentir como nos hemos arrepentido con otros candidatos\u201d: profesores<\/strong><\/p>\n<p class=\"x_gmail-MsoNoSpacing\">\n<p class=\"x_gmail-MsoNoSpacing\"><b>Morelia, Mich., a 30 de mayo de 2018.-<\/b>\u00a0Fausto Vallejo Figueroa fue reconocido como el \u00fanico candidato nicola\u00edta a la Presidencia Municipal de Morelia por profesores, investigadores y acad\u00e9micos de la Universidad Michoacana de San Nicol\u00e1s de Hidalgo (UMSNH), quienes le refrendaron su apoyo para el pr\u00f3ximo 1 de julio y afirmaron que el egresado de esta casa de estudios tiene los conocimientos, as\u00ed como la experiencia necesarios para transformar a la capital.<\/p>\n<p class=\"x_gmail-MsoNoSpacing\">En un encuentro con m\u00e1s de cien integrantes de la M\u00e1xima Casa de Estudios en la entidad, el abanderado del Partido Encuentro Social (PES) al Ayuntamiento refrend\u00f3 su amor y agradecimiento a la Casa de Hidalgo, en este sentido, record\u00f3 que cuando fue gobernador de Michoac\u00e1n respald\u00f3 a la instituci\u00f3n con 2 mil millones de pesos extraordinarios para que no tuviera que parar labores y afectar a miles de alumnos como sucedi\u00f3 recientemente.<\/p>\n<p class=\"x_gmail-MsoNoSpacing\">En dicho encuentro, los universitarios se dijeron preocupados por la situaci\u00f3n actual por la que atraviesa el municipio en materia de seguridad, desarrollo social y econ\u00f3mico, as\u00ed como por la falta de oportunidades de empleo para los j\u00f3venes que egresan de esta instituci\u00f3n acad\u00e9mica, por lo que solicitaron al cuatro veces alcalde que una vez al frente de la comuna pueda generar fuentes de trabajo para los nicola\u00edtas y condiciones favorables a las empresas locales, con lo cual se evitar\u00eda la fuga de talentos e inversiones hacia otras entidades.<\/p>\n<p class=\"x_gmail-MsoNoSpacing\">En este sentido, a nombre de los representantes de casi todas las facultades que se dieron cita en este encuentro, la maestra en psicolog\u00eda Mar\u00eda Nina Contreras Hern\u00e1ndez, destac\u00f3 que los universitarios est\u00e1n preocupados tambi\u00e9n por el desabasto de agua y de otros servicios p\u00fablicos elementales, \u201cqueremos ser part\u00edcipes de la transformaci\u00f3n del municipio; amamos la ciudad y como adultos sabemos lo que ha crecido y decrecido, por eso sabemos que con usted no nos vamos a arrepentir como nos hemos arrepentido con otros candidatos\u201d, asegur\u00f3.<\/p>\n<p class=\"x_gmail-MsoNoSpacing\">Por su parte, el candidato egresado de la Facultad de Derecho y Ciencias Sociales de la UMSNH, Fausto Vallejo Figueroa, anunci\u00f3 que la administraci\u00f3n que habr\u00e1 de encabezar trabajar\u00e1 con los nicola\u00edtas a trav\u00e9s de convenios con la Universidad Michoacana, para que, por ejemplo, j\u00f3venes de medicina puedan trabajar en brigadas de prevenci\u00f3n de diabetes, hipertensi\u00f3n, as\u00ed como del c\u00e1ncer c\u00e9rvico uterino, de mama y pr\u00f3stata, y los estudiantes de Ingenier\u00eda participen en la realizaci\u00f3n de las obras p\u00fablicas de infraestructura.<\/p>\n","protected":false},"excerpt":{"rendered":"<p>&nbsp; \u00b7\u00a0\u00a0\u00a0\u00a0\u00a0\u00a0\u00a0\u00a0\u00a0\u201cSabemos que con usted no nos vamos a arrepentir como nos hemos arrepentido con otros candidatos\u201d: profesores Morelia, Mich., a 30 de mayo de 2018.-\u00a0Fausto Vallejo Figueroa fue reconocido como el \u00fanico candidato nicola\u00edta a la Presidencia Municipal de Morelia por profesores, investigadores y acad\u00e9micos de la Universidad Michoacana de San Nicol\u00e1s de Hidalgo [&hellip;]<\/p>\n","protected":false},"author":2,"featured_media":53791,"comment_status":"closed","ping_status":"closed","sticky":false,"template":"","format":"standard","meta":{"footnotes":""},"categories":[14,90],"tags":[],"class_list":["post-53790","post","type-post","status-publish","format-standard","has-post-thumbnail","hentry","category-destacadas","category-elecciones-2018"],"_links":{"self":[{"href":"https:\/\/radiowebmx.com\/nota\/wp-json\/wp\/v2\/posts\/53790","targetHints":{"allow":["GET"]}}],"collection":[{"href":"https:\/\/radiowebmx.com\/nota\/wp-json\/wp\/v2\/posts"}],"about":[{"href":"https:\/\/radiowebmx.com\/nota\/wp-json\/wp\/v2\/types\/post"}],"author":[{"embeddable":true,"href":"https:\/\/radiowebmx.com\/nota\/wp-json\/wp\/v2\/users\/2"}],"replies":[{"embeddable":true,"href":"https:\/\/radiowebmx.com\/nota\/wp-json\/wp\/v2\/comments?post=53790"}],"version-history":[{"count":1,"href":"https:\/\/radiowebmx.com\/nota\/wp-json\/wp\/v2\/posts\/53790\/revisions"}],"predecessor-version":[{"id":53792,"href":"https:\/\/radiowebmx.com\/nota\/wp-json\/wp\/v2\/posts\/53790\/revisions\/53792"}],"wp:featuredmedia":[{"embeddable":true,"href":"https:\/\/radiowebmx.com\/nota\/wp-json\/wp\/v2\/media\/53791"}],"wp:attachment":[{"href":"https:\/\/radiowebmx.com\/nota\/wp-json\/wp\/v2\/media?parent=53790"}],"wp:term":[{"taxonomy":"category","embeddable":true,"href":"https:\/\/radiowebmx.com\/nota\/wp-json\/wp\/v2\/categories?post=53790"},{"taxonomy":"post_tag","embeddable":true,"href":"https:\/\/radiowebmx.com\/nota\/wp-json\/wp\/v2\/tags?post=53790"}],"curies":[{"name":"wp","href":"https:\/\/api.w.org\/{rel}","templated":true}]}}