{"id":53784,"date":"2018-05-31T11:10:22","date_gmt":"2018-05-31T16:10:22","guid":{"rendered":"https:\/\/radiowebmx.com\/nota\/?p=53784"},"modified":"2018-06-01T11:11:29","modified_gmt":"2018-06-01T16:11:29","slug":"antonio-acuchi-presenta-propuesta-para-hacer-eficiente-la-revision-de-cuentas-publicas","status":"publish","type":"post","link":"https:\/\/radiowebmx.com\/nota\/antonio-acuchi-presenta-propuesta-para-hacer-eficiente-la-revision-de-cuentas-publicas\/","title":{"rendered":"Antonio Acuchi presenta propuesta para hacer eficiente la revisi\u00f3n de cuentas p\u00fablicas"},"content":{"rendered":"<p class=\"x_MsoNormal\"><b>Morelia; Michoac\u00e1n, 31 de mayo de 2018<\/b>.- El diputado local en Michoac\u00e1n por el Partido del Trabajo (PT), Antonio Acuchi Rodr\u00edguez, present\u00f3 una propuesta de reforma a fin de hacer m\u00e1s eficientes los resultados y las revisiones a las Cuentas P\u00fablicas de los municipios as\u00ed como la estatal.<\/p>\n<p class=\"x_MsoNormal\">Ante el Pleno del Congreso Local, Acuchi Rodr\u00edguez, propuso reformas a los art\u00edculos 60 fracci\u00f3n VIII y 123 fracci\u00f3n III de la Constituci\u00f3n Pol\u00edtica del Estado de Michoac\u00e1n, con lo que se pretende brindar un mayor plazo a la Auditor\u00eda Superior de Michoac\u00e1n (ASM) para la revisi\u00f3n de las Cuentas P\u00fablicas.<\/p>\n<p class=\"x_MsoNormal\">Esta iniciativa ayudar\u00e1 principalmente en el factor tiempo porque la fiscalizaci\u00f3n hoy en d\u00eda se inicia entre los meses de julio y agosto; con esta propuesta la revisi\u00f3n la estar\u00edamos iniciando pr\u00e1cticamente en los meses de febrero y marzo, por ende se har\u00eda una fiscalizaci\u00f3n con mayor certidumbre, se\u00f1al\u00f3.<\/p>\n<p class=\"x_MsoNormal\">Dijo que actualmente las cuentas p\u00fablicas no son revisadas a fondo debido al escaso tiempo con el que cuenta el personal de la ASM, lo que desemboca en un estudio superficial y que se refleja al final en el Pleno del Congreso al tener un sin n\u00famero de cuentas publicas reprobadas por la poca claridad en los resultados de la revisi\u00f3n.<\/p>\n<p class=\"x_MsoNormal\">Antonio Acuchi, agreg\u00f3 que la propuesta de reforma tambi\u00e9n pretende armonizar la legislaci\u00f3n estatal con la Ley de Contabilidad Gubernamental.<\/p>\n","protected":false},"excerpt":{"rendered":"<p>Morelia; Michoac\u00e1n, 31 de mayo de 2018.- El diputado local en Michoac\u00e1n por el Partido del Trabajo (PT), Antonio Acuchi Rodr\u00edguez, present\u00f3 una propuesta de reforma a fin de hacer m\u00e1s eficientes los resultados y las revisiones a las Cuentas P\u00fablicas de los municipios as\u00ed como la estatal. Ante el Pleno del Congreso Local, Acuchi [&hellip;]<\/p>\n","protected":false},"author":2,"featured_media":53785,"comment_status":"closed","ping_status":"closed","sticky":false,"template":"","format":"standard","meta":{"footnotes":""},"categories":[6,14],"tags":[],"class_list":["post-53784","post","type-post","status-publish","format-standard","has-post-thumbnail","hentry","category-congreso-del-estado","category-destacadas"],"_links":{"self":[{"href":"https:\/\/radiowebmx.com\/nota\/wp-json\/wp\/v2\/posts\/53784","targetHints":{"allow":["GET"]}}],"collection":[{"href":"https:\/\/radiowebmx.com\/nota\/wp-json\/wp\/v2\/posts"}],"about":[{"href":"https:\/\/radiowebmx.com\/nota\/wp-json\/wp\/v2\/types\/post"}],"author":[{"embeddable":true,"href":"https:\/\/radiowebmx.com\/nota\/wp-json\/wp\/v2\/users\/2"}],"replies":[{"embeddable":true,"href":"https:\/\/radiowebmx.com\/nota\/wp-json\/wp\/v2\/comments?post=53784"}],"version-history":[{"count":1,"href":"https:\/\/radiowebmx.com\/nota\/wp-json\/wp\/v2\/posts\/53784\/revisions"}],"predecessor-version":[{"id":53786,"href":"https:\/\/radiowebmx.com\/nota\/wp-json\/wp\/v2\/posts\/53784\/revisions\/53786"}],"wp:featuredmedia":[{"embeddable":true,"href":"https:\/\/radiowebmx.com\/nota\/wp-json\/wp\/v2\/media\/53785"}],"wp:attachment":[{"href":"https:\/\/radiowebmx.com\/nota\/wp-json\/wp\/v2\/media?parent=53784"}],"wp:term":[{"taxonomy":"category","embeddable":true,"href":"https:\/\/radiowebmx.com\/nota\/wp-json\/wp\/v2\/categories?post=53784"},{"taxonomy":"post_tag","embeddable":true,"href":"https:\/\/radiowebmx.com\/nota\/wp-json\/wp\/v2\/tags?post=53784"}],"curies":[{"name":"wp","href":"https:\/\/api.w.org\/{rel}","templated":true}]}}