{"id":5377,"date":"2014-02-06T10:04:47","date_gmt":"2014-02-06T16:04:47","guid":{"rendered":"https:\/\/radiowebmx.com\/nota\/?p=5377"},"modified":"2014-02-06T10:04:47","modified_gmt":"2014-02-06T16:04:47","slug":"revisa-castillo-cervantes-prioridades-de-desarrollo-con-habitantes-de-tepalcatepec-y-buenavista-tomatlan","status":"publish","type":"post","link":"https:\/\/radiowebmx.com\/nota\/revisa-castillo-cervantes-prioridades-de-desarrollo-con-habitantes-de-tepalcatepec-y-buenavista-tomatlan\/","title":{"rendered":"REVISA CASTILLO CERVANTES PRIORIDADES DE DESARROLLO CON HABITANTES DE TEPALCATEPEC Y BUENAVISTA TOMATL\u00c1N"},"content":{"rendered":"<p>Con el prop\u00f3sito de revisar las prioridades de la comunidad en materia de desarrollo, el Comisionado para la Seguridad y el Desarrollo Integral de Michoac\u00e1n, Alfredo Castillo Cervantes, se reuni\u00f3 hoy con habitantes de Tepalcatepec y Buenavista Tomatl\u00e1n, quienes explicaron las problem\u00e1ticas de la localidad y solicitaron mayor inversi\u00f3n en salud, educaci\u00f3n, cultura y obra hidr\u00e1ulica, as\u00ed como en proyectos agr\u00edcolas y pecuarios.<\/p>\n<p>&nbsp;<\/p>\n<p>Castillo Cervantes explic\u00f3 que el programa de desarrollo integral, anunciado por el Presidente Enrique Pe\u00f1a Nieto, contempla inversiones en esos rubros, y precis\u00f3 que en la aplicaci\u00f3n de los mismos se involucrar\u00e1 a los ciudadanos en la vigilancia y control de los recursos para que sean utilizados de manera transparente.<\/p>\n<p>&nbsp;<\/p>\n<p>En una visita a ambos municipios, el Comisionado se reuni\u00f3 con ciudadanos, productores, ganaderos, comerciantes y amas de casa, a fin de conocer sus propuestas para el desarrollo de la regi\u00f3n.<\/p>\n<p>&nbsp;<\/p>\n<p>Castillo Cervantes indic\u00f3 que juntos, sociedad y Gobierno, lograr\u00e1n la reactivaci\u00f3n productiva de este municipio y de todo el estado, y resolver\u00e1n las causas de fondo para generar oportunidades y empleos mejor remunerados para las comunidades de la zona.<\/p>\n<p>&nbsp;<\/p>\n<p>Reconoci\u00f3 la necesidad de generar mejores opciones de empleo para los j\u00f3venes, a fin de evitar que emigren hacia otras ciudades del estado o que sean cooptados por la delincuencia organizada.<\/p>\n<p>&nbsp;<\/p>\n<p>En las reuniones, los habitantes de los dos municipios solicitaron mayor inversi\u00f3n en materia de salud para mejorar el equipamiento de las cl\u00ednicas del ISSSTE y contar con m\u00e1s personal m\u00e9dico con diversas especialidades.<\/p>\n<p>&nbsp;<\/p>\n<p>En materia de educaci\u00f3n, mujeres de la comunidad destacaron la necesidad de mejorar las instalaciones de los planteles escolares de la zona, as\u00ed como incrementar el n\u00famero de maestros, los cuales, pidieron, est\u00e9n habilitados para atender las necesidades de los ni\u00f1os con discapacidad.<\/p>\n<p>&nbsp;<\/p>\n<p>En Tepalcatepec, los ciudadanos demandaron acelerar las gestiones ante la Universidad Michoacana de San Nicol\u00e1s de Hidalgo para contar con un aula virtual que permita a los j\u00f3venes del municipio tener programas educativos en l\u00ednea.<\/p>\n<p>&nbsp;<\/p>\n<p>Asimismo, la comunidad solicit\u00f3 recursos para la compra de nuevos instrumentos musicales y pidieron apoyos para construir su propia casa de la cultura, a fin de acercar a los ni\u00f1os y j\u00f3venes a las actividades art\u00edsticas y alejarlos de la delincuencia.<\/p>\n<p>&nbsp;<\/p>\n<p>Por lo que se refiere a obra hidr\u00e1ulica, pidieron que se tomen acciones para aprovechar de mejor manera el agua de la zona y evitar que se contamine en puntos y distritos de riego.<\/p>\n<p>&nbsp;<\/p>\n<p>Respecto a los ciudadanos que se organizaron para la protecci\u00f3n de sus comunidades, \u00e9stos refrendaron su compromiso y disposici\u00f3n de incorporarse a las guardias rurales, as\u00ed como algunos de ellos regresar paulatinamente a desempe\u00f1ar sus actividades productivas y laborales.<\/p>\n<p>&nbsp;<\/p>\n<p>Los l\u00edderes de la comunidad dialogaron este d\u00eda con personal de la Secretar\u00eda de la Defensa Nacional y de la Polic\u00eda Federal para dar cuenta del avance que se ha logrado en su incorporaci\u00f3n a los cuerpos de guardias comunitarias. Acordaron que en breve culminar\u00e1 esta etapa para iniciar la entrega de uniformes.<\/p>\n<p>&nbsp;<\/p>\n<p>Hasta el momento cerca de 600 pobladores se han acercado al registro y conf\u00edan en que a la brevedad se les incorpore a las guardias rurales. \u201cVamos a trabajar hombro con hombro con las autoridades, reforzando las tareas de inteligencia en las comunidades\u201d, se\u00f1alaron.<\/p>\n<p>&nbsp;<\/p>\n<p>En las reuniones hubo representantes de la Secretar\u00eda de Desarrollo Social, quienes informaron de los acuerdos alcanzados para la instalaci\u00f3n de los comedores populares en zonas marginadas. El prop\u00f3sito, dijeron, es que este servicio beneficie a las personas que m\u00e1s lo necesiten.<\/p>\n<p>&nbsp;<\/p>\n<p>Esa dependencia refrend\u00f3 la convocatoria para que los adultos mayores de 65 a\u00f1os y m\u00e1s se acerquen a los funcionarios del Gobierno de la Rep\u00fablica que ya est\u00e1n presenten en la zona y se incorporen a los padrones de beneficiarios.<\/p>\n<p>&nbsp;<\/p>\n<p>La Secretar\u00eda de Desarrollo Social convoc\u00f3 a las mujeres a acercarse al personal de esa dependencia y a los representes de la Cruzada Nacional contra el Hambre para ser incorporados a los programas oportunidades y seguro de jefas de familia.<\/p>\n<p>&nbsp;<\/p>\n<p>En el di\u00e1logo de los ciudadanos con los representantes de la Comisi\u00f3n para la Seguridad y el Desarrollo Integral de Michoac\u00e1n se abord\u00f3 el tema de la instalaci\u00f3n de los nuevos centros de distribuci\u00f3n de leche Liconsa, como parte de los programas prioritarios que se realizar\u00e1n en los municipios considerados prioritarios.<\/p>\n<p>&nbsp;<\/p>\n<p>Los habitantes de los municipios destacaron la disposici\u00f3n de Castillo Cervantes para escuchar y tomar en cuenta sus propuestas, y reconocieron que con el arribo de las Fuerzas Federales a la regi\u00f3n se percibe una sensible mejor\u00eda en materia de seguridad.<\/p>\n<p>&nbsp;<\/p>\n<p>Las reuniones del Comisionado atiende las instrucciones giradas ayer por el Presidente de la Rep\u00fablica, Enrique Pe\u00f1a Nieto. Estos encuentros ser\u00e1n permanentes, a fin de concretar los proyectos y pol\u00edticas establecidos en los 5 ejes de acci\u00f3n para lograr el desarrollo social y econ\u00f3mico de Michoac\u00e1n.<\/p>\n","protected":false},"excerpt":{"rendered":"<p>Con el prop\u00f3sito de revisar las prioridades de la comunidad en materia de desarrollo, el Comisionado para la Seguridad y el Desarrollo Integral de Michoac\u00e1n, Alfredo Castillo Cervantes, se reuni\u00f3 hoy con habitantes de Tepalcatepec y Buenavista Tomatl\u00e1n<\/p>\n","protected":false},"author":1,"featured_media":0,"comment_status":"open","ping_status":"open","sticky":false,"template":"","format":"standard","meta":{"footnotes":""},"categories":[3],"tags":[],"class_list":["post-5377","post","type-post","status-publish","format-standard","hentry","category-gobierno-del-estado-de-michoacan"],"_links":{"self":[{"href":"https:\/\/radiowebmx.com\/nota\/wp-json\/wp\/v2\/posts\/5377","targetHints":{"allow":["GET"]}}],"collection":[{"href":"https:\/\/radiowebmx.com\/nota\/wp-json\/wp\/v2\/posts"}],"about":[{"href":"https:\/\/radiowebmx.com\/nota\/wp-json\/wp\/v2\/types\/post"}],"author":[{"embeddable":true,"href":"https:\/\/radiowebmx.com\/nota\/wp-json\/wp\/v2\/users\/1"}],"replies":[{"embeddable":true,"href":"https:\/\/radiowebmx.com\/nota\/wp-json\/wp\/v2\/comments?post=5377"}],"version-history":[{"count":1,"href":"https:\/\/radiowebmx.com\/nota\/wp-json\/wp\/v2\/posts\/5377\/revisions"}],"predecessor-version":[{"id":5378,"href":"https:\/\/radiowebmx.com\/nota\/wp-json\/wp\/v2\/posts\/5377\/revisions\/5378"}],"wp:attachment":[{"href":"https:\/\/radiowebmx.com\/nota\/wp-json\/wp\/v2\/media?parent=5377"}],"wp:term":[{"taxonomy":"category","embeddable":true,"href":"https:\/\/radiowebmx.com\/nota\/wp-json\/wp\/v2\/categories?post=5377"},{"taxonomy":"post_tag","embeddable":true,"href":"https:\/\/radiowebmx.com\/nota\/wp-json\/wp\/v2\/tags?post=5377"}],"curies":[{"name":"wp","href":"https:\/\/api.w.org\/{rel}","templated":true}]}}