{"id":53769,"date":"2018-05-31T13:21:45","date_gmt":"2018-05-31T18:21:45","guid":{"rendered":"https:\/\/radiowebmx.com\/nota\/?p=53769"},"modified":"2018-06-01T10:56:18","modified_gmt":"2018-06-01T15:56:18","slug":"realizan-rodada-para-personas-con-discapacidad-motriz","status":"publish","type":"post","link":"https:\/\/radiowebmx.com\/nota\/realizan-rodada-para-personas-con-discapacidad-motriz\/","title":{"rendered":"Realizan rodada para personas con discapacidad motriz"},"content":{"rendered":"<p><img loading=\"lazy\" decoding=\"async\" class=\"\" src=\"https:\/\/gallery.mailchimp.com\/ca18835a8c7d95ee8f07c62b0\/images\/b57ed63c-f81d-4391-b8a9-947e0abdaef3.jpeg\" width=\"399\" height=\"258\" \/><\/p>\n<p>&nbsp;<\/p>\n<p><strong>Morelia, Michoac\u00e1n a 31 de mayo del 2018.-<\/strong>\u00a0Como parte de las actividades del curso Vida Independiente M\u00e9xico que trabaja con personas con discapacidad motriz, se realiz\u00f3 una actividad f\u00edsica e integradora que const\u00f3 de una &#8220;rodada&#8221; que dio inicio del Centro de Rehabilitaci\u00f3n y Educaci\u00f3n Especial (CREE) hasta llegar a la Catedral de la capital michoacana.<\/p>\n<p>Con el objetivo de seguir atendiendo sus capacidades corporales y emocionales esta carrera dej\u00f3 en claro que el \u00fanico obst\u00e1culo que se tiene est\u00e1 en la mente y que no hay mejor terapia que la de quitarse los estereotipos y marginaci\u00f3n.<\/p>\n<p>El Doctor Adri\u00e1n Moreno Ortega Coordinador General del Centro de Rehabilitaci\u00f3n y Educaci\u00f3n Especial, se\u00f1al\u00f3 &#8220;la actitud y las ganas son la mejor manera de vencer una discapacidad, dentro del Sistema DIF Michoac\u00e1n y el Gobierno Estatal atender necesidades especiales es una prioridad&#8221;.<\/p>\n<p>A la &#8220;rodada&#8221; asistieron \u00a0al rededor de 70 personas que se mostraron contentos y entusiasmados por lograr la meta que, aunque para algunos result\u00f3 compleja por la distancia, no fue un obst\u00e1culo para cumplirla.<\/p>\n","protected":false},"excerpt":{"rendered":"<p>&nbsp; Morelia, Michoac\u00e1n a 31 de mayo del 2018.-\u00a0Como parte de las actividades del curso Vida Independiente M\u00e9xico que trabaja con personas con discapacidad motriz, se realiz\u00f3 una actividad f\u00edsica e integradora que const\u00f3 de una &#8220;rodada&#8221; que dio inicio del Centro de Rehabilitaci\u00f3n y Educaci\u00f3n Especial (CREE) hasta llegar a la Catedral de la [&hellip;]<\/p>\n","protected":false},"author":2,"featured_media":53770,"comment_status":"closed","ping_status":"closed","sticky":false,"template":"","format":"standard","meta":{"footnotes":""},"categories":[14,3,60],"tags":[],"class_list":["post-53769","post","type-post","status-publish","format-standard","has-post-thumbnail","hentry","category-destacadas","category-gobierno-del-estado-de-michoacan","category-michoacan"],"_links":{"self":[{"href":"https:\/\/radiowebmx.com\/nota\/wp-json\/wp\/v2\/posts\/53769","targetHints":{"allow":["GET"]}}],"collection":[{"href":"https:\/\/radiowebmx.com\/nota\/wp-json\/wp\/v2\/posts"}],"about":[{"href":"https:\/\/radiowebmx.com\/nota\/wp-json\/wp\/v2\/types\/post"}],"author":[{"embeddable":true,"href":"https:\/\/radiowebmx.com\/nota\/wp-json\/wp\/v2\/users\/2"}],"replies":[{"embeddable":true,"href":"https:\/\/radiowebmx.com\/nota\/wp-json\/wp\/v2\/comments?post=53769"}],"version-history":[{"count":1,"href":"https:\/\/radiowebmx.com\/nota\/wp-json\/wp\/v2\/posts\/53769\/revisions"}],"predecessor-version":[{"id":53771,"href":"https:\/\/radiowebmx.com\/nota\/wp-json\/wp\/v2\/posts\/53769\/revisions\/53771"}],"wp:featuredmedia":[{"embeddable":true,"href":"https:\/\/radiowebmx.com\/nota\/wp-json\/wp\/v2\/media\/53770"}],"wp:attachment":[{"href":"https:\/\/radiowebmx.com\/nota\/wp-json\/wp\/v2\/media?parent=53769"}],"wp:term":[{"taxonomy":"category","embeddable":true,"href":"https:\/\/radiowebmx.com\/nota\/wp-json\/wp\/v2\/categories?post=53769"},{"taxonomy":"post_tag","embeddable":true,"href":"https:\/\/radiowebmx.com\/nota\/wp-json\/wp\/v2\/tags?post=53769"}],"curies":[{"name":"wp","href":"https:\/\/api.w.org\/{rel}","templated":true}]}}