{"id":5371,"date":"2014-02-07T09:58:37","date_gmt":"2014-02-07T15:58:37","guid":{"rendered":"https:\/\/radiowebmx.com\/nota\/?p=5371"},"modified":"2014-03-05T10:59:37","modified_gmt":"2014-03-05T16:59:37","slug":"construyen-estrategias-conjuntas-para-potenciar-el-turismo-en-lazaro-cardenas","status":"publish","type":"post","link":"https:\/\/radiowebmx.com\/nota\/construyen-estrategias-conjuntas-para-potenciar-el-turismo-en-lazaro-cardenas\/","title":{"rendered":"CONSTRUYEN ESTRATEGIAS CONJUNTAS PARA POTENCIAR EL TURISMO EN L\u00c1ZARO C\u00c1RDENAS"},"content":{"rendered":"<p><a href=\"https:\/\/radiowebmx.com\/nota\/wp-content\/uploads\/2014\/02\/IMG-20140205-WA0021.jpg\"><img loading=\"lazy\" decoding=\"async\" class=\"alignleft size-full wp-image-5372\" alt=\"IMG-20140205-WA0021\" src=\"https:\/\/radiowebmx.com\/nota\/wp-content\/uploads\/2014\/02\/IMG-20140205-WA0021.jpg\" width=\"591\" height=\"338\" \/><\/a>Acciones de infraestructura, capacitaci\u00f3n y promoci\u00f3n para L\u00e1zaro C\u00e1rdenas, a partir de este mes, comprometi\u00f3 el secretario de Turismo del Estado, Roberto Monroy Garc\u00eda.<\/p>\n<p>En reuni\u00f3n de trabajo con el presidente municipal, Arqu\u00edmedes Oseguera Solorio y empresarios agremiados al Consejo para el Desarrollo Econ\u00f3mico Regi\u00f3n L\u00e1zaro C\u00e1rdenas (CODERLAC), detall\u00f3 una serie de rubros y recursos asignados para el presente ejercicio en beneficio del municipio.<\/p>\n<p>En ese sentido, habl\u00f3 de aplicar 5 millones de pesos para dotar de nueva infraestructura a paradores tur\u00edsticos; 1.5 millones de pesos para el proyecto ejecutivo de imagen urbana de Playa Azul y 9 millones de pesos en mezcla de recursos con el ayuntamiento para impulsar diversas obras y un esquema de promoci\u00f3n tur\u00edstica.<\/p>\n<p>A todo ello se sumar\u00e1n los programas de capacitaci\u00f3n a la industria tur\u00edstica, que iniciar\u00e1 este lunes en la regi\u00f3n, as\u00ed como una serie de apoyos<\/p>\n","protected":false},"excerpt":{"rendered":"<p>Acciones de infraestructura, capacitaci\u00f3n y promoci\u00f3n para L\u00e1zaro C\u00e1rdenas, a partir de este mes, comprometi\u00f3 el secretario de Turismo del Estado, Roberto Monroy Garc\u00eda.<\/p>\n","protected":false},"author":1,"featured_media":0,"comment_status":"open","ping_status":"open","sticky":false,"template":"","format":"standard","meta":{"footnotes":""},"categories":[14,3],"tags":[],"class_list":["post-5371","post","type-post","status-publish","format-standard","hentry","category-destacadas","category-gobierno-del-estado-de-michoacan"],"_links":{"self":[{"href":"https:\/\/radiowebmx.com\/nota\/wp-json\/wp\/v2\/posts\/5371","targetHints":{"allow":["GET"]}}],"collection":[{"href":"https:\/\/radiowebmx.com\/nota\/wp-json\/wp\/v2\/posts"}],"about":[{"href":"https:\/\/radiowebmx.com\/nota\/wp-json\/wp\/v2\/types\/post"}],"author":[{"embeddable":true,"href":"https:\/\/radiowebmx.com\/nota\/wp-json\/wp\/v2\/users\/1"}],"replies":[{"embeddable":true,"href":"https:\/\/radiowebmx.com\/nota\/wp-json\/wp\/v2\/comments?post=5371"}],"version-history":[{"count":2,"href":"https:\/\/radiowebmx.com\/nota\/wp-json\/wp\/v2\/posts\/5371\/revisions"}],"predecessor-version":[{"id":5854,"href":"https:\/\/radiowebmx.com\/nota\/wp-json\/wp\/v2\/posts\/5371\/revisions\/5854"}],"wp:attachment":[{"href":"https:\/\/radiowebmx.com\/nota\/wp-json\/wp\/v2\/media?parent=5371"}],"wp:term":[{"taxonomy":"category","embeddable":true,"href":"https:\/\/radiowebmx.com\/nota\/wp-json\/wp\/v2\/categories?post=5371"},{"taxonomy":"post_tag","embeddable":true,"href":"https:\/\/radiowebmx.com\/nota\/wp-json\/wp\/v2\/tags?post=5371"}],"curies":[{"name":"wp","href":"https:\/\/api.w.org\/{rel}","templated":true}]}}