{"id":537,"date":"2012-12-11T10:44:39","date_gmt":"2012-12-11T16:44:39","guid":{"rendered":"https:\/\/radiowebmx.com\/nota\/?p=537"},"modified":"2012-12-11T10:44:39","modified_gmt":"2012-12-11T16:44:39","slug":"mujeres-en-proceso-de-reinsercion-social-concluyen-diplomado-con-perspectiva-de-genero","status":"publish","type":"post","link":"https:\/\/radiowebmx.com\/nota\/mujeres-en-proceso-de-reinsercion-social-concluyen-diplomado-con-perspectiva-de-genero\/","title":{"rendered":"MUJERES EN PROCESO DE REINSERCI\u00d3N SOCIAL CONCLUYEN DIPLOMADO CON PERSPECTIVA DE G\u00c9NERO"},"content":{"rendered":"<p><img loading=\"lazy\" decoding=\"async\" class=\"alignnone\" src=\"http:\/\/img824.imageshack.us\/img824\/7159\/82530678.jpg\" alt=\"\" width=\"495\" height=\"195\" \/>Mujeres internas del Centro de Readaptaci\u00f3n Social (Cereso) \u201cLic. David Franco Rodr\u00edguez\u201d, concluyeron el diplomado con perspectiva de g\u00e9nero, avalado por la Facultad de Derecho y Ciencias Sociales de la Universidad Michoacana de San Nicol\u00e1s de Hidalgo (UMSNH).<\/p>\n<p>&nbsp;<\/p>\n<p>Como parte de las acciones interinstitucionales realizadas por la Secretar\u00eda de Seguridad P\u00fablica estatal (SSP), por la Secretar\u00eda de la Mujer (SEMUJER) y por la Secretar\u00eda de Cultura (SECUM), se implementaron talleres de habilidades productivas y art\u00edsticas para mujeres en situaci\u00f3n de reclusi\u00f3n, as\u00ed como dicho diplomado, que es \u00fanico en su tipo a nivel nacional.<\/p>\n<p>&nbsp;<\/p>\n<p>La secretaria de la Mujer, Consuelo Muro Urista, acompa\u00f1ada por el subsecretario de Prevenci\u00f3n y Reinserci\u00f3n Social de la SSP, Manuel Alejandro Lluch Garc\u00eda, y por el director de la Facultad de Derecho, Hill Arturo del R\u00edo Ram\u00edrez, entregaron las constancias a las internas que participaron en el diplomado con perspectiva de g\u00e9nero.<\/p>\n<p>&nbsp;<\/p>\n<p>Acompa\u00f1ada por el director del Cereso, \u201cLic. David Franco Rodr\u00edguez\u201d, Jorge Alejandro Montiel, la titular de la SEMUJER, Consuelo Muro, precis\u00f3 que en el Proyecto de Vida Integral para Mujeres en Proceso de Reinserci\u00f3n Social, ha confluido la voluntad de diversas dependencias e instituciones con el \u00fanico objetivo de generar una nueva oportunidad para las internas.<\/p>\n<p>&nbsp;<\/p>\n<p>Subray\u00f3 la necesidad de implementar este tipo de acciones en los Ceresos del estado y del pa\u00eds, para contribuir a la reinserci\u00f3n social de las mujeres y los hombres que por diferentes causas se encuentran en reclusi\u00f3n.<\/p>\n<p>&nbsp;<\/p>\n<p>\u201cAgradezco a todas las instituciones su participaci\u00f3n, y a las mujeres que hoy concluyen este diplomado esperamos que sea de gran provecho para todas y cada una de ustedes. Refrendamos el compromiso de la administraci\u00f3n encabezada por el gobernador, Fausto Vallejo, de trabajar en favor de las mujeres\u201d, dijo.<\/p>\n<p>El subsecretario de Prevenci\u00f3n y Reinserci\u00f3n Social de la SSP, Manuel Alejandro Lluch Garc\u00eda, reconoci\u00f3 el trabajo interinstitucional, al tiempo que felicit\u00f3 a las mujeres que participaron en los diversos talleres otorgados y en el diplomado.<\/p>\n<p>&nbsp;<\/p>\n<p>\u201cUstedes se dieron cuenta del gran poder que tienen, de lo mucho que han aprendido y de lo mucho que les va a servir cuando el d\u00eda de ma\u00f1ana abandonen este lugar\u201d, apunt\u00f3.<\/p>\n<p>&nbsp;<\/p>\n<p>El funcionario en representaci\u00f3n del titular de la SSP, El\u00edas \u00c1lvarez Hern\u00e1ndez, fue el encargado de clausurar el evento.<\/p>\n<p>&nbsp;<\/p>\n<p>A nombre de las internas, Azucena Campos Toledo, agradeci\u00f3 al gobierno del estado el apoyo otorgado. \u201cGracias por creer en nosotras y ayudarnos a descubrir habilidades que cada una de nosotras tenemos, ver en nosotras m\u00e1s all\u00e1 de nuestro cautiverio, queremos que tengan la seguridad de que todo lo que aprendimos ser\u00e1 utilizado para un mejor vivir, y un futuro en el que sabemos seremos mejores personas, mujeres y sobre todo mejores madres\u201d.<\/p>\n<p>&nbsp;<\/p>\n<p>En representaci\u00f3n del secretario de Cultura, Marco Antonio Aguilar, estuvo presente el director de Formaci\u00f3n y Educaci\u00f3n de la SECUM, Fernando L\u00f3pez Alan\u00eds, as\u00ed como la visitadora Regional de la Comisi\u00f3n Estatal de Derechos Humanos (CEDH), Yurisha Andrade; la jefa de Departamento de Psicolog\u00eda del Sistema Estatal para Desarrollo Integral de la Familia (DIF), Maya Morales; el subdirector de Vinculaci\u00f3n del Sistema Michoacano de Radio y Televisi\u00f3n (SMRTV), Marco Antonio Tortajada y Tzitziqui Pe\u00f1a quien otorg\u00f3 el diplomado.<\/p>\n<p>&nbsp;<\/p>\n","protected":false},"excerpt":{"rendered":"<p>Mujeres internas del Centro de Readaptaci\u00f3n Social (Cereso) \u201cLic. David Franco Rodr\u00edguez\u201d, concluyeron el diplomado con perspectiva de g\u00e9nero, avalado por la Facultad de Derecho y Ciencias Sociales de la Universidad Michoacana de San Nicol\u00e1s de Hidalgo (UMSNH).<\/p>\n","protected":false},"author":1,"featured_media":0,"comment_status":"open","ping_status":"open","sticky":false,"template":"","format":"standard","meta":{"footnotes":""},"categories":[3],"tags":[],"class_list":["post-537","post","type-post","status-publish","format-standard","hentry","category-gobierno-del-estado-de-michoacan"],"_links":{"self":[{"href":"https:\/\/radiowebmx.com\/nota\/wp-json\/wp\/v2\/posts\/537","targetHints":{"allow":["GET"]}}],"collection":[{"href":"https:\/\/radiowebmx.com\/nota\/wp-json\/wp\/v2\/posts"}],"about":[{"href":"https:\/\/radiowebmx.com\/nota\/wp-json\/wp\/v2\/types\/post"}],"author":[{"embeddable":true,"href":"https:\/\/radiowebmx.com\/nota\/wp-json\/wp\/v2\/users\/1"}],"replies":[{"embeddable":true,"href":"https:\/\/radiowebmx.com\/nota\/wp-json\/wp\/v2\/comments?post=537"}],"version-history":[{"count":1,"href":"https:\/\/radiowebmx.com\/nota\/wp-json\/wp\/v2\/posts\/537\/revisions"}],"predecessor-version":[{"id":538,"href":"https:\/\/radiowebmx.com\/nota\/wp-json\/wp\/v2\/posts\/537\/revisions\/538"}],"wp:attachment":[{"href":"https:\/\/radiowebmx.com\/nota\/wp-json\/wp\/v2\/media?parent=537"}],"wp:term":[{"taxonomy":"category","embeddable":true,"href":"https:\/\/radiowebmx.com\/nota\/wp-json\/wp\/v2\/categories?post=537"},{"taxonomy":"post_tag","embeddable":true,"href":"https:\/\/radiowebmx.com\/nota\/wp-json\/wp\/v2\/tags?post=537"}],"curies":[{"name":"wp","href":"https:\/\/api.w.org\/{rel}","templated":true}]}}