{"id":5368,"date":"2014-02-06T09:51:55","date_gmt":"2014-02-06T15:51:55","guid":{"rendered":"https:\/\/radiowebmx.com\/nota\/?p=5368"},"modified":"2014-02-06T09:51:55","modified_gmt":"2014-02-06T15:51:55","slug":"urgente-se-reactive-el-campo-michoacano-jose-eduardo-anaya-gomez","status":"publish","type":"post","link":"https:\/\/radiowebmx.com\/nota\/urgente-se-reactive-el-campo-michoacano-jose-eduardo-anaya-gomez\/","title":{"rendered":"Urgente se reactive el campo michoacano: Jos\u00e9 Eduardo Anaya G\u00f3mez"},"content":{"rendered":"<p><a href=\"https:\/\/radiowebmx.com\/nota\/wp-content\/uploads\/2013\/04\/Dip.-J.-Eduardo-Anaya.jpg\"><img loading=\"lazy\" decoding=\"async\" class=\"alignleft size-full wp-image-2357\" alt=\"Dip. J. Eduardo Anaya\" src=\"https:\/\/radiowebmx.com\/nota\/wp-content\/uploads\/2013\/04\/Dip.-J.-Eduardo-Anaya.jpg\" width=\"1781\" height=\"1265\" \/><\/a>\u201cEl sector primario en M\u00e9xico representa el 3.76 por ciento del Producto Interno Bruto del pa\u00eds, y se destina m\u00e1s del once por ciento del territorio nacional para el sector agrario, por lo cual es trascendental el proteger y dar mayor impulso a la producci\u00f3n de los campos mexicanos\u201d, as\u00ed lo expres\u00f3 el diputado Jos\u00e9 Eduardo Anaya G\u00f3mez.<\/p>\n<p>En cuanto al anuncio que realiz\u00f3 el titular del Poder Ejecutivo Federal este martes durante su primer visita a la capital michoacana, sobre la inversi\u00f3n de 45 mil 500 mdp, de los cuales \u00a0se etiquetar\u00e1n \u00a012 mil millones para la creaci\u00f3n y recuperaci\u00f3n de peque\u00f1as y medianas empresas por medio de cr\u00e9ditos y capacitaci\u00f3n, adem\u00e1s que permitir\u00e1n fomentar la actividad productiva en el campo con tres mil millones de pesos, se\u00f1al\u00f3 que esperan sean adicionales a lo ya destinado y etiquetado dentro del presupuesto federal para este 2014, y no se desprendan s\u00f3lo de acciones medi\u00e1ticas.<\/p>\n<p>En este tenor, el parlamentario indic\u00f3 que es importante para la entidad el que la federaci\u00f3n por fin est\u00e9 volteando a ver a Michoac\u00e1n, \u201cque se interese por mejorar las condiciones de vida de los michoacanos, aunque no es suficiente con dar un discurso alentador, sino acciones concretas y trasparencia en el destino y aplicaci\u00f3n de tales recursos, que realmente signifiquen un monto adicional a lo ya presupuestado\u201d, enfatiz\u00f3.<\/p>\n<p>El tambi\u00e9n presidente de la Comisi\u00f3n de Fortalecimiento Municipal y L\u00edmites Territoriales, manifest\u00f3 que la inversi\u00f3n se qued\u00f3 corta respecto a los 3 mil 500 millones de pesos que la Secretar\u00eda de Agricultura, Ganader\u00eda, Desarrollo Rural, Pesca y Alimentaci\u00f3n (SAGARPA), destinar\u00e1 para apoyo al campo, \u201cson s\u00f3lo mil m\u00e1s de los 2 mil 500 millones originales contemplados en el presupuesto fiscal para el ejercicio 2014, lo que representa un incremento poco significativo para las necesidades actuales por las que atraviesa el campo michoacano\u201d, enfatiz\u00f3.<\/p>\n<p>Asimismo, el representante popular por el distrito de Jiquilpan Jos\u00e9 Eduardo Anaya G\u00f3mez, se\u00f1al\u00f3 que hace falta una mayor inversi\u00f3n en la capacitaci\u00f3n de los productores para cumplir con las normas de calidad, y estar a la altura de las exigencias del mercado, \u201ces indispensable que en la situaci\u00f3n que actualmente se encuentra la entidad, sean aprovechados los beneficios del campo michoacano, y con ello, convertir a la entidad en el primer lugar de exportaci\u00f3n a nivel nacional\u201d, concluy\u00f3.<\/p>\n","protected":false},"excerpt":{"rendered":"<p>\u201cEl sector primario en M\u00e9xico representa el 3.76 por ciento del Producto Interno Bruto del pa\u00eds, y se destina m\u00e1s del once por ciento del territorio nacional para el sector agrario, por lo cual es trascendental el proteger y dar mayor impulso a la producci\u00f3n de los campos mexicanos\u201d<\/p>\n","protected":false},"author":1,"featured_media":0,"comment_status":"open","ping_status":"open","sticky":false,"template":"","format":"standard","meta":{"footnotes":""},"categories":[6,14,8],"tags":[],"class_list":["post-5368","post","type-post","status-publish","format-standard","hentry","category-congreso-del-estado","category-destacadas","category-grupo-parlamentario-del-pan"],"_links":{"self":[{"href":"https:\/\/radiowebmx.com\/nota\/wp-json\/wp\/v2\/posts\/5368","targetHints":{"allow":["GET"]}}],"collection":[{"href":"https:\/\/radiowebmx.com\/nota\/wp-json\/wp\/v2\/posts"}],"about":[{"href":"https:\/\/radiowebmx.com\/nota\/wp-json\/wp\/v2\/types\/post"}],"author":[{"embeddable":true,"href":"https:\/\/radiowebmx.com\/nota\/wp-json\/wp\/v2\/users\/1"}],"replies":[{"embeddable":true,"href":"https:\/\/radiowebmx.com\/nota\/wp-json\/wp\/v2\/comments?post=5368"}],"version-history":[{"count":2,"href":"https:\/\/radiowebmx.com\/nota\/wp-json\/wp\/v2\/posts\/5368\/revisions"}],"predecessor-version":[{"id":5370,"href":"https:\/\/radiowebmx.com\/nota\/wp-json\/wp\/v2\/posts\/5368\/revisions\/5370"}],"wp:attachment":[{"href":"https:\/\/radiowebmx.com\/nota\/wp-json\/wp\/v2\/media?parent=5368"}],"wp:term":[{"taxonomy":"category","embeddable":true,"href":"https:\/\/radiowebmx.com\/nota\/wp-json\/wp\/v2\/categories?post=5368"},{"taxonomy":"post_tag","embeddable":true,"href":"https:\/\/radiowebmx.com\/nota\/wp-json\/wp\/v2\/tags?post=5368"}],"curies":[{"name":"wp","href":"https:\/\/api.w.org\/{rel}","templated":true}]}}