{"id":53658,"date":"2018-05-29T14:13:09","date_gmt":"2018-05-29T19:13:09","guid":{"rendered":"https:\/\/radiowebmx.com\/nota\/?p=53658"},"modified":"2018-05-29T14:13:09","modified_gmt":"2018-05-29T19:13:09","slug":"propone-raul-moron-mejorar-infraestructura-en-mercados-de-morelia","status":"publish","type":"post","link":"https:\/\/radiowebmx.com\/nota\/propone-raul-moron-mejorar-infraestructura-en-mercados-de-morelia\/","title":{"rendered":"Propone Ra\u00fal Mor\u00f3n mejorar infraestructura en mercados de Morelia"},"content":{"rendered":"<p><img loading=\"lazy\" decoding=\"async\" class=\"\" src=\"https:\/\/www.mimorelia.com\/wp-content\/uploads\/2018\/05\/elecciones-2018\/29\/ra%C3%BAl-mor%C3%B3n-mercados.jpg\" width=\"398\" height=\"224\" \/><\/p>\n<p>&nbsp;<\/p>\n<p><strong>Morelia, Michoac\u00e1n<\/strong>.-\u00a0Los\u00a0<strong>mercados<\/strong>\u00a0de Morelia son fundamentales para mantener la\u00a0<strong>econom\u00eda<\/strong>\u00a0de la ciudad, por ello requieren de\u00a0<strong>apoyos<\/strong>\u00a0para mejorar su infraestructura, y de mayor promoci\u00f3n para fortalecer el comercio local, destac\u00f3 el candidato de Movimiento de Regeneraci\u00f3n Nacional y Partido del Trabajo (<strong>Morena-PT<\/strong>) a la presidencia municipal de esta capital,\u00a0<strong>Ra\u00fal Mor\u00f3n<\/strong>.<\/p>\n<p>El candidato encabez\u00f3 una rueda de prensa en el\u00a0<strong>Mercado Revoluci\u00f3n<\/strong>, mejor conocido como Mercado San Juan, en donde destac\u00f3 que ya ha dialogado con dirigentes y representantes de los locatarios y vendedores de todos los mercados p\u00fablicos de la ciudad para conocer sus necesidades y carencias.<\/p>\n<p>Enfatiz\u00f3 que el proyecto para<strong>\u00a0fortalecer<\/strong>\u00a0el\u00a0<strong>comercio<\/strong>\u00a0en Morelia se basa en la promoci\u00f3n continua de los mercados locales y tiendas de conveniencia; el impulso a los mercados con productos artesanales y\/o org\u00e1nicos, como es el tianguis de la gotita o la Ruta Natural; la promoci\u00f3n del comercio justo con los vendedores que vienen de otros municipios; la\u00a0<strong>construcci\u00f3n<\/strong>\u00a0de\u00a0<strong>cuatro<\/strong>\u00a0grandes<strong>estacionamientos p\u00fablicos<\/strong>\u00a0en los accesos a la capital del estado, y atender inmediatamente el tema de las descargas de aguas negras a r\u00edos y mantos fre\u00e1ticos, para evitar la contaminaci\u00f3n de cultivos en las zonas conurbadas y municipios de las zonas metropolitanas de Morelia.<\/p>\n<p>Ra\u00fal Mor\u00f3n destac\u00f3 que ha dialogado con los l\u00edderes y representantes de los mercados\u00a0<strong>Independencia<\/strong>\u00a0y\u00a0<strong>Nicol\u00e1s Bravo<\/strong>, en donde tom\u00f3 nota de sus propuestas para mejorar la infraestructura de los locales, ampliar bodegas, construcci\u00f3n de ba\u00f1os y anexos, as\u00ed como la atenci\u00f3n a la recolecci\u00f3n de basura.<\/p>\n<p>\u201cToda mejora a los mercados p\u00fablicos de Morelia las vamos a hacer de la mano de los\u00a0<strong>locatarios<\/strong>\u00a0y vendedores, ellos nos van a indicar qu\u00e9 acciones tenemos que emprender en los mercados desde la administraci\u00f3n municipal vamos a encabezar el pr\u00f3ximo 1 de septiembre\u201d, destac\u00f3 Ra\u00fal Mor\u00f3n.<\/p>\n<p>Agreg\u00f3 que todos los mercados de Morelia enfrentan\u00a0<strong>deterioros<\/strong>\u00a0en sus inmuebles, es por ello que gestionar\u00e1 ante instancias federales, en el gobierno que encabezar\u00e1\u00a0<strong>Andr\u00e9s Manuel L\u00f3pez Obrador<\/strong>, bajar recursos para emprender obras de restauraci\u00f3n y ampliaci\u00f3n de estos sitios emblem\u00e1ticos de Morelia.<\/p>\n<p>\u201cNuestra prioridad es respaldar el comercio local, para ello estableceremos campa\u00f1as de promoci\u00f3n del\u00a0<strong>comercio<\/strong>\u00a0moreliano, cambiar los patrones de consumo de la poblaci\u00f3n, ya que es fundamental incentivar su promoci\u00f3n y sensibilizar a las personas para que privilegien la compra de bienes y servicios en negocios locales\u201d, puntualiz\u00f3 el candidato.<\/p>\n<p>Ra\u00fal Mor\u00f3n destac\u00f3 que el 90 por ciento de la\u00a0<strong>generaci\u00f3n de empleos<\/strong>\u00a0en Morelia son creados por las micro y peque\u00f1as empresas, entre las que se cuentan los locatarios de los mercados municipales. Por ello, se buscar\u00e1 impulsar el comercio de los morelianos, a partir de la participaci\u00f3n directa de los expendedores y locatarios en la toma de decisiones.<\/p>\n","protected":false},"excerpt":{"rendered":"<p>&nbsp; Morelia, Michoac\u00e1n.-\u00a0Los\u00a0mercados\u00a0de Morelia son fundamentales para mantener la\u00a0econom\u00eda\u00a0de la ciudad, por ello requieren de\u00a0apoyos\u00a0para mejorar su infraestructura, y de mayor promoci\u00f3n para fortalecer el comercio local, destac\u00f3 el candidato de Movimiento de Regeneraci\u00f3n Nacional y Partido del Trabajo (Morena-PT) a la presidencia municipal de esta capital,\u00a0Ra\u00fal Mor\u00f3n. El candidato encabez\u00f3 una rueda de prensa [&hellip;]<\/p>\n","protected":false},"author":2,"featured_media":53659,"comment_status":"closed","ping_status":"closed","sticky":false,"template":"","format":"standard","meta":{"footnotes":""},"categories":[14,90],"tags":[],"class_list":["post-53658","post","type-post","status-publish","format-standard","has-post-thumbnail","hentry","category-destacadas","category-elecciones-2018"],"_links":{"self":[{"href":"https:\/\/radiowebmx.com\/nota\/wp-json\/wp\/v2\/posts\/53658","targetHints":{"allow":["GET"]}}],"collection":[{"href":"https:\/\/radiowebmx.com\/nota\/wp-json\/wp\/v2\/posts"}],"about":[{"href":"https:\/\/radiowebmx.com\/nota\/wp-json\/wp\/v2\/types\/post"}],"author":[{"embeddable":true,"href":"https:\/\/radiowebmx.com\/nota\/wp-json\/wp\/v2\/users\/2"}],"replies":[{"embeddable":true,"href":"https:\/\/radiowebmx.com\/nota\/wp-json\/wp\/v2\/comments?post=53658"}],"version-history":[{"count":1,"href":"https:\/\/radiowebmx.com\/nota\/wp-json\/wp\/v2\/posts\/53658\/revisions"}],"predecessor-version":[{"id":53660,"href":"https:\/\/radiowebmx.com\/nota\/wp-json\/wp\/v2\/posts\/53658\/revisions\/53660"}],"wp:featuredmedia":[{"embeddable":true,"href":"https:\/\/radiowebmx.com\/nota\/wp-json\/wp\/v2\/media\/53659"}],"wp:attachment":[{"href":"https:\/\/radiowebmx.com\/nota\/wp-json\/wp\/v2\/media?parent=53658"}],"wp:term":[{"taxonomy":"category","embeddable":true,"href":"https:\/\/radiowebmx.com\/nota\/wp-json\/wp\/v2\/categories?post=53658"},{"taxonomy":"post_tag","embeddable":true,"href":"https:\/\/radiowebmx.com\/nota\/wp-json\/wp\/v2\/tags?post=53658"}],"curies":[{"name":"wp","href":"https:\/\/api.w.org\/{rel}","templated":true}]}}