{"id":53655,"date":"2018-05-29T09:33:12","date_gmt":"2018-05-29T14:33:12","guid":{"rendered":"https:\/\/radiowebmx.com\/nota\/?p=53655"},"modified":"2018-05-29T14:03:01","modified_gmt":"2018-05-29T19:03:01","slug":"seguridad-la-principal-demanda-de-los-colonos-de-la-melchor-ocampo-carlos-quintana","status":"publish","type":"post","link":"https:\/\/radiowebmx.com\/nota\/seguridad-la-principal-demanda-de-los-colonos-de-la-melchor-ocampo-carlos-quintana\/","title":{"rendered":"Seguridad, la principal demanda de los colonos de la Melchor Ocampo: Carlos Quintana"},"content":{"rendered":"<p><strong>Morelia, Michoac\u00e1n<\/strong>.-\u00a0 La falta de desarrollo econ\u00f3mico y de empleo a causa de la inseguridad no debe continuar, merma en la econom\u00eda familiar y afecta las oportunidades de crecimiento de los morelianos, asegur\u00f3<strong>\u00a0Carlos Quintana Mart\u00ednez,<\/strong>\u00a0candidato a presidente municipal de la coalici\u00f3n<strong>\u00a0\u201cPor Morelia al Frente\u201d,<\/strong>\u00a0durante su recorrido por la colonia<strong>\u00a0Melchor Ocampo,<\/strong>\u00a0donde los vecinos denunciaron los constantes asaltos y robos que registran los comerciantes de la zona.<\/p>\n<p>Al caminar por las calles y llegar puerta por puerta en esta colonia, los vecinos manifestaron la necesidad de implementar medidas de seguridad que garanticen la tranquilidad de la zona, debido a que los asaltos y robos son una constante que los amenaza sin importar la hora del d\u00eda.<\/p>\n<p>Ante esta situaci\u00f3n, el candidato de la coalici\u00f3n \u201cPor Morelia al Frente\u201d, indic\u00f3 que las colonias de la capital michoacana requieren con urgencia la instalaci\u00f3n de l\u00e1mparas, c\u00e1maras de vigilancia y polic\u00eda que act\u00fae de manera oportuna, pero sobre todo que se tenga la confianza de que brindar\u00e1n condiciones seguras.<\/p>\n<p>Quintana Mart\u00ednez escuch\u00f3 atento a comerciantes, como Misael Mar\u00edn quien tiene una tienda de ropa sobre la avenida Michoac\u00e1n y fue v\u00edctima de la ola de inseguridad que azota la colonia; coment\u00f3 que, a pesar de interponer la denuncia correspondiente, la serie de pasos a seguir para sancionar a los delincuentes culmin\u00f3 por quitarle las ganas de continuar con el proceso judicial.<\/p>\n<p>Es por ello, que se requieren medidas preventivas como talleres para j\u00f3venes y ni\u00f1os que los aleje de la delincuencia, adem\u00e1s de generaci\u00f3n de empleo para dar oportunidades a los morelianos, acot\u00f3 Quintana Mart\u00ednez.<\/p>\n<div class=\"td-a-rec td-a-rec-id-content_bottom  \"><\/div>\n","protected":false},"excerpt":{"rendered":"<p>Morelia, Michoac\u00e1n.-\u00a0 La falta de desarrollo econ\u00f3mico y de empleo a causa de la inseguridad no debe continuar, merma en la econom\u00eda familiar y afecta las oportunidades de crecimiento de los morelianos, asegur\u00f3\u00a0Carlos Quintana Mart\u00ednez,\u00a0candidato a presidente municipal de la coalici\u00f3n\u00a0\u201cPor Morelia al Frente\u201d,\u00a0durante su recorrido por la colonia\u00a0Melchor Ocampo,\u00a0donde los vecinos denunciaron los constantes [&hellip;]<\/p>\n","protected":false},"author":2,"featured_media":53656,"comment_status":"closed","ping_status":"closed","sticky":false,"template":"","format":"standard","meta":{"footnotes":""},"categories":[14,90],"tags":[],"class_list":["post-53655","post","type-post","status-publish","format-standard","has-post-thumbnail","hentry","category-destacadas","category-elecciones-2018"],"_links":{"self":[{"href":"https:\/\/radiowebmx.com\/nota\/wp-json\/wp\/v2\/posts\/53655","targetHints":{"allow":["GET"]}}],"collection":[{"href":"https:\/\/radiowebmx.com\/nota\/wp-json\/wp\/v2\/posts"}],"about":[{"href":"https:\/\/radiowebmx.com\/nota\/wp-json\/wp\/v2\/types\/post"}],"author":[{"embeddable":true,"href":"https:\/\/radiowebmx.com\/nota\/wp-json\/wp\/v2\/users\/2"}],"replies":[{"embeddable":true,"href":"https:\/\/radiowebmx.com\/nota\/wp-json\/wp\/v2\/comments?post=53655"}],"version-history":[{"count":1,"href":"https:\/\/radiowebmx.com\/nota\/wp-json\/wp\/v2\/posts\/53655\/revisions"}],"predecessor-version":[{"id":53657,"href":"https:\/\/radiowebmx.com\/nota\/wp-json\/wp\/v2\/posts\/53655\/revisions\/53657"}],"wp:featuredmedia":[{"embeddable":true,"href":"https:\/\/radiowebmx.com\/nota\/wp-json\/wp\/v2\/media\/53656"}],"wp:attachment":[{"href":"https:\/\/radiowebmx.com\/nota\/wp-json\/wp\/v2\/media?parent=53655"}],"wp:term":[{"taxonomy":"category","embeddable":true,"href":"https:\/\/radiowebmx.com\/nota\/wp-json\/wp\/v2\/categories?post=53655"},{"taxonomy":"post_tag","embeddable":true,"href":"https:\/\/radiowebmx.com\/nota\/wp-json\/wp\/v2\/tags?post=53655"}],"curies":[{"name":"wp","href":"https:\/\/api.w.org\/{rel}","templated":true}]}}