{"id":53648,"date":"2018-05-27T19:32:53","date_gmt":"2018-05-28T00:32:53","guid":{"rendered":"https:\/\/radiowebmx.com\/nota\/?p=53648"},"modified":"2018-05-29T13:59:28","modified_gmt":"2018-05-29T18:59:28","slug":"ofrece-daniela-desarrollo-en-comunidades-apoyada-de-autoridades-auxiliares","status":"publish","type":"post","link":"https:\/\/radiowebmx.com\/nota\/ofrece-daniela-desarrollo-en-comunidades-apoyada-de-autoridades-auxiliares\/","title":{"rendered":"Ofrece Daniela desarrollo en comunidades apoyada de autoridades auxiliares"},"content":{"rendered":"<ul>\n<li><strong>Son los jefes de tenencia y encargados del orden el primer filtro entre los ciudadanos y la autoridad, mencion\u00f3 la candidata por la Presidencia de Morelia, quien fue acompa\u00f1ada en este recorrido por el candidato a diputado local por el Partido Revolucionario Institucional (PRI), Eligio Cuitl\u00e1huac Gonz\u00e1lez Far\u00edas<\/strong><\/li>\n<\/ul>\n<p><strong>Morelia, Michoac\u00e1n<\/strong>. \u2013 Durante los \u00faltimos a\u00f1os, la autoridad municipal ha devengado su responsabilidad en los encargados del orden y los jefes de tenencia, dejando a su suerte los problemas que ah\u00ed aquejan a las familias morelianas, seg\u00fan pudo constatar en sus recorridos por comunidades y tenencias la candidata a la Presidencia Municipal por el Partido Revolucionario Institucional (PRI),<strong>\u00a0Daniela de los Santos Torres<\/strong>.<\/p>\n<p>Estas autoridades auxiliares han tenido que palear los conflictos en sus comunidades y tenencias, sin el respaldo del gobierno municipal y quien no les da el apoyo que necesitan, dijo Daniela a los morelianos de comunidades ubicadas en el Distrito X.<\/p>\n<p>Ah\u00ed, en la\u00a0<strong>comunidad \u201cJoyitas\u201d,<\/strong>\u00a0el encargado del orden, Rigoberto Campos L\u00f3pez, hizo una serie de peticiones para el lugar, como la perforaci\u00f3n de un pozo de agua, ductos para drenaje y espacios deportivos para ni\u00f1os y j\u00f3venes.<\/p>\n<p>Ya en\u00a0<strong>San Antonio Carupo,<\/strong>\u00a0el encargado del orden y ejidatarios denunciaron descuido del gobierno municipal en servicios b\u00e1sicos como drenaje y agua, as\u00ed como instalaci\u00f3n de ba\u00f1os en casa ejidal y canchas deportivas.<\/p>\n<p>En la comunidad del\u00a0<strong>Coro el Grande<\/strong>, Mario Salgado, encargado del orden, expuso la marginaci\u00f3n del cual ha sido objeto la localidad por parte del Gobierno Municipal, ya que ni apoyos ni ayuda para resolver sus problemas han obtenido durante los \u00faltimos a\u00f1os, principalmente en el tema de conectividad, donde no se ha atendido la gesti\u00f3n para colocar una antena que d\u00e9 acceso telef\u00f3nico a los habitantes.<\/p>\n<p>\u201cSe le olvida al presidente municipal que nosotros tambi\u00e9n somos Morelia, sabemos que el resto m\u00e1s grande que tiene es la ciudad, pero nosotros tambi\u00e9n pertenecemos a este municipio\u201d, apunt\u00f3.<\/p>\n<p>La queja por este descuido sigui\u00f3 en Teremendo Jasso y en Zajo Grande, lugares donde la candidata se comprometi\u00f3 a hacer un cambio radical y hacer equipo con los jefes de tenencia y encargados del orden, pues ser\u00e1n sus peticiones como podremos hacer obras con planeaci\u00f3n e inclusi\u00f3n de la sociedad.<\/p>\n<p>\u201cNo se vale que los tengan as\u00ed, que vayan a tocar puertas y no se les abran, en m\u00ed tendr\u00e1n una aliada y no me voy a deslindar de mi responsabilidad, que ser\u00e1n tambi\u00e9n las comunidades y las tenencias, debemos acabar con esa desigualdad. Sus encargados del orden y sus jefes de tenencias no reciben ni un peso por estos trabajos que son de mucha entrega y mucha responsabilidad\u201d.<\/p>\n<p>Adem\u00e1s de esto, en Tzintzimacato Grande y en Tzintzimacato Chico la petici\u00f3n incluy\u00f3 atenci\u00f3n a insumos para el campo, producci\u00f3n que debe ser privilegiada dado que en Morelia existe una gran potencia para la agroindustria, apunt\u00f3 la candidata, comprometi\u00e9ndose a recuperar apoyos de fertilizantes y evitar que los intermediarios se aprovechen de este sector desprotegido.<\/p>\n<p>Finalmente, en La Alberca y Teremendo de los Reyes, prometi\u00f3 el rescate de las cl\u00ednicas m\u00e9dicas, apoyos a adultos mayores y obras de inmediata atenci\u00f3n, las cuales ser\u00e1n edificadas con el consenso de jefes de tenencia y encargados del orden.<\/p>\n","protected":false},"excerpt":{"rendered":"<p>Son los jefes de tenencia y encargados del orden el primer filtro entre los ciudadanos y la autoridad, mencion\u00f3 la candidata por la Presidencia de Morelia, quien fue acompa\u00f1ada en este recorrido por el candidato a diputado local por el Partido Revolucionario Institucional (PRI), Eligio Cuitl\u00e1huac Gonz\u00e1lez Far\u00edas Morelia, Michoac\u00e1n. \u2013 Durante los \u00faltimos a\u00f1os, [&hellip;]<\/p>\n","protected":false},"author":2,"featured_media":53649,"comment_status":"closed","ping_status":"closed","sticky":false,"template":"","format":"standard","meta":{"footnotes":""},"categories":[14,90],"tags":[],"class_list":["post-53648","post","type-post","status-publish","format-standard","has-post-thumbnail","hentry","category-destacadas","category-elecciones-2018"],"_links":{"self":[{"href":"https:\/\/radiowebmx.com\/nota\/wp-json\/wp\/v2\/posts\/53648","targetHints":{"allow":["GET"]}}],"collection":[{"href":"https:\/\/radiowebmx.com\/nota\/wp-json\/wp\/v2\/posts"}],"about":[{"href":"https:\/\/radiowebmx.com\/nota\/wp-json\/wp\/v2\/types\/post"}],"author":[{"embeddable":true,"href":"https:\/\/radiowebmx.com\/nota\/wp-json\/wp\/v2\/users\/2"}],"replies":[{"embeddable":true,"href":"https:\/\/radiowebmx.com\/nota\/wp-json\/wp\/v2\/comments?post=53648"}],"version-history":[{"count":2,"href":"https:\/\/radiowebmx.com\/nota\/wp-json\/wp\/v2\/posts\/53648\/revisions"}],"predecessor-version":[{"id":53651,"href":"https:\/\/radiowebmx.com\/nota\/wp-json\/wp\/v2\/posts\/53648\/revisions\/53651"}],"wp:featuredmedia":[{"embeddable":true,"href":"https:\/\/radiowebmx.com\/nota\/wp-json\/wp\/v2\/media\/53649"}],"wp:attachment":[{"href":"https:\/\/radiowebmx.com\/nota\/wp-json\/wp\/v2\/media?parent=53648"}],"wp:term":[{"taxonomy":"category","embeddable":true,"href":"https:\/\/radiowebmx.com\/nota\/wp-json\/wp\/v2\/categories?post=53648"},{"taxonomy":"post_tag","embeddable":true,"href":"https:\/\/radiowebmx.com\/nota\/wp-json\/wp\/v2\/tags?post=53648"}],"curies":[{"name":"wp","href":"https:\/\/api.w.org\/{rel}","templated":true}]}}