{"id":53642,"date":"2018-05-29T13:47:51","date_gmt":"2018-05-29T18:47:51","guid":{"rendered":"https:\/\/radiowebmx.com\/nota\/?p=53642"},"modified":"2018-05-29T13:47:51","modified_gmt":"2018-05-29T18:47:51","slug":"transitar-a-un-lenguaje-incluyente-y-no-sexista-el-reto-cgcs","status":"publish","type":"post","link":"https:\/\/radiowebmx.com\/nota\/transitar-a-un-lenguaje-incluyente-y-no-sexista-el-reto-cgcs\/","title":{"rendered":"Transitar a un lenguaje incluyente y no sexista, el reto: CGCS"},"content":{"rendered":"<p><img loading=\"lazy\" decoding=\"async\" class=\"\" src=\"http:\/\/michoacan.gob.mx\/wp-content\/uploads\/2018\/05\/09474867-a0bc-4518-a43d-6604f4ed73cd.jpeg\" width=\"401\" height=\"267\" \/><\/p>\n<ul>\n<li><strong>Imparte la periodista y feminista Sara Lovera L\u00f3pez el Taller de Comunicaci\u00f3n y G\u00e9nero a comunicadores, comunicadoras y periodistas, ahora en Zamora.<\/strong><\/li>\n<li><strong>Este taller que ya se ha realizado en Morelia, LC, Apatzing\u00e1n y Zamora, tambi\u00e9n llegar\u00e1 a Sahuayo, Zit\u00e1cuaro y Uruapan.<\/strong><\/li>\n<li><strong>Que en la pr\u00e1ctica cotidiana del periodismo coadyuven a promover el reconocimiento y respeto a los derechos de la mujer, nuestro objetivo: Julieta L\u00f3pez.<\/strong><\/li>\n<\/ul>\n<p><strong>Zamora, Michoac\u00e1n, a 29 de mayo de 2018.-<\/strong>\u00a0Derivado de la preocupaci\u00f3n conjunta entre el Gobierno del Estado y el Instituto Nacional de las Mujeres (Inmujeres) por inculcar a periodistas, comunicadoras y comunicadores un lenguaje incluyente y no sexista, esta ma\u00f1ana se imparti\u00f3 el Taller de Comunicaci\u00f3n y G\u00e9nero a representantes de los medios de comunicaci\u00f3n en este municipio.<\/p>\n<p>Tal y como se ha realizado hasta el momento en Morelia, L\u00e1zaro C\u00e1rdenas y Apatzing\u00e1n, el grupo de participantes a este taller impartido por la reconocida periodista, Sara Lovera L\u00f3pez, fueron dotados de conocimientos y herramientas t\u00e9cnicas y conceptuales que podr\u00e1n aplicar en su quehacer diario, con un enfoque de perspectiva de g\u00e9nero.<\/p>\n<p>En representaci\u00f3n de la coordinadora general de Comunicaci\u00f3n Social, Julieta L\u00f3pez Bautista, el asesor Ad\u00e1n Garc\u00eda Cervantes destac\u00f3 que la mejor manera de hacerle frente a la violencia de g\u00e9nero es con el trabajo interinstitucional y coordinado entre todos los niveles y \u00f3rdenes de Gobierno, pues es un problema multifactorial que repercute y lacera a la sociedad en su conjunto.<\/p>\n<p>En este marco expuso la importancia de que las y los periodistas, comunicadores y comunicadoras cuenten con alternativas formativas para aportar con su labor, a la formaci\u00f3n de sociedades m\u00e1s incluyentes y equitativas, y sobre todo, libres de violencia contra la mujer.<\/p>\n<p>\u201cEl Gobierno del Estado les reconoce y felicita por su participaci\u00f3n a este taller, que forma parte del proceso orientado a la puesta en operaci\u00f3n del Observatorio de Medios en Perspectiva de G\u00e9nero\u201d, pronunci\u00f3 Garc\u00eda Cervantes.<\/p>\n<p>Reconoci\u00f3 que el acompa\u00f1amiento de Sara Lovera ha sido una pieza clave en esta labor de fomento de nuevas formas de comunicar, por lo que agradeci\u00f3 su colaboraci\u00f3n para posicionar en la agenda medi\u00e1tica la perspectiva de g\u00e9nero, bajo la aspiraci\u00f3n de fomentar la construcci\u00f3n de un relato diferente respecto a la participaci\u00f3n social de la mujer.<\/p>\n<p>\u201cNuestro objetivo es que en su pr\u00e1ctica cotidiana del periodismo nos ayuden a promover el reconocimiento y respeto a los derechos de la mujer\u201d, reiter\u00f3 el asesor.<\/p>\n<p>Record\u00f3 que este esfuerzo es el resultado de la coordinaci\u00f3n de la Secretar\u00eda de Igualdad Sustantiva y Desarrollo de las Mujeres (Seimujer), Inmujeres y la CGCS.<\/p>\n<p>En su participaci\u00f3n, Lovera L\u00f3pez dijo que este ejercicio coadyuva a que las y los asistentes a estos talleres se conduzcan en su quehacer sin prejuicios respecto a la igualdad de g\u00e9nero.<\/p>\n<p>Adem\u00e1s de que conozcan la importancia y trascendencia de las diversas formas de violencia contra la mujer.<\/p>\n<p>\u201cLa responsabilidad de los medios de comunicaci\u00f3n es gigante, y por ello la importancia de que sepamos emplear de manera correcta cada concepto\u201d, contextualiz\u00f3 la periodista.<\/p>\n<p>Coincidi\u00f3 en que la preocupaci\u00f3n de Inmujeres en conjunto con el Gobierno del Estado, ha derivado en recorrer cada regi\u00f3n para capacitar a todos los comunicadores, comunicadoras y periodistas posibles.<\/p>\n<p>Cabe destacar que este taller tambi\u00e9n ser\u00e1 llevado a Sahuayo, Zit\u00e1cuaro y Uruapan en pr\u00f3ximos d\u00edas.<\/p>\n<p>Durante el desahogo del mismo, las y los participantes interactuaron con Lovera L\u00f3pez, quien resolvi\u00f3 cada una de sus dudas e inquietudes.<\/p>\n","protected":false},"excerpt":{"rendered":"<p>Imparte la periodista y feminista Sara Lovera L\u00f3pez el Taller de Comunicaci\u00f3n y G\u00e9nero a comunicadores, comunicadoras y periodistas, ahora en Zamora. Este taller que ya se ha realizado en Morelia, LC, Apatzing\u00e1n y Zamora, tambi\u00e9n llegar\u00e1 a Sahuayo, Zit\u00e1cuaro y Uruapan. Que en la pr\u00e1ctica cotidiana del periodismo coadyuven a promover el reconocimiento y [&hellip;]<\/p>\n","protected":false},"author":2,"featured_media":53643,"comment_status":"closed","ping_status":"closed","sticky":false,"template":"","format":"standard","meta":{"footnotes":""},"categories":[14,3,60],"tags":[],"class_list":["post-53642","post","type-post","status-publish","format-standard","has-post-thumbnail","hentry","category-destacadas","category-gobierno-del-estado-de-michoacan","category-michoacan"],"_links":{"self":[{"href":"https:\/\/radiowebmx.com\/nota\/wp-json\/wp\/v2\/posts\/53642","targetHints":{"allow":["GET"]}}],"collection":[{"href":"https:\/\/radiowebmx.com\/nota\/wp-json\/wp\/v2\/posts"}],"about":[{"href":"https:\/\/radiowebmx.com\/nota\/wp-json\/wp\/v2\/types\/post"}],"author":[{"embeddable":true,"href":"https:\/\/radiowebmx.com\/nota\/wp-json\/wp\/v2\/users\/2"}],"replies":[{"embeddable":true,"href":"https:\/\/radiowebmx.com\/nota\/wp-json\/wp\/v2\/comments?post=53642"}],"version-history":[{"count":1,"href":"https:\/\/radiowebmx.com\/nota\/wp-json\/wp\/v2\/posts\/53642\/revisions"}],"predecessor-version":[{"id":53644,"href":"https:\/\/radiowebmx.com\/nota\/wp-json\/wp\/v2\/posts\/53642\/revisions\/53644"}],"wp:featuredmedia":[{"embeddable":true,"href":"https:\/\/radiowebmx.com\/nota\/wp-json\/wp\/v2\/media\/53643"}],"wp:attachment":[{"href":"https:\/\/radiowebmx.com\/nota\/wp-json\/wp\/v2\/media?parent=53642"}],"wp:term":[{"taxonomy":"category","embeddable":true,"href":"https:\/\/radiowebmx.com\/nota\/wp-json\/wp\/v2\/categories?post=53642"},{"taxonomy":"post_tag","embeddable":true,"href":"https:\/\/radiowebmx.com\/nota\/wp-json\/wp\/v2\/tags?post=53642"}],"curies":[{"name":"wp","href":"https:\/\/api.w.org\/{rel}","templated":true}]}}